{"id":143248,"date":"2022-03-15T15:25:00","date_gmt":"2022-03-15T19:25:00","guid":{"rendered":"https:\/\/linitiative.ca\/International\/slimani-a-encore-marque-avec-le-sporting-video\/"},"modified":"2022-03-15T15:25:00","modified_gmt":"2022-03-15T19:25:00","slug":"slimani-a-encore-marque-avec-le-sporting-video","status":"publish","type":"post","link":"https:\/\/linitiative.ca\/International\/slimani-a-encore-marque-avec-le-sporting-video\/","title":{"rendered":"Slimani a encore marqu\u00e9 avec le Sporting (Vid\u00e9o)"},"content":{"rendered":"<div>A l&rsquo;occasion de la 26\u00e8me journ\u00e9e du championnat du Portugal, le Sporting Lisbonne s&rsquo;est impos\u00e9 sur le score de 2-0 face \u00e0 Moreirense<\/div>\n<p>Auteur:<br \/>\n<a href=\"https:\/\/www.lebuteur.com\/article\/detail?titre=slimani-a-encore-marque-avec-le-sporting-video&#038;id=102498\">Cliquez ici pour lire l&rsquo;article depuis sa source.<\/a><\/p>\n","protected":false},"excerpt":{"rendered":"<p>A l&rsquo;occasion de la 26\u00e8me journ\u00e9e du championnat du Portugal, le Sporting Lisbonne s&rsquo;est impos\u00e9 sur le score de 2-0 face \u00e0 Moreirense Auteur: Cliquez ici pour lire l&rsquo;article depuis sa source.<\/p>\n","protected":false},"author":1738,"featured_media":0,"comment_status":"closed","ping_status":"closed","sticky":false,"template":"","format":"standard","meta":{"fifu_image_url":"","fifu_image_alt":"","footnotes":""},"categories":[53,75],"tags":[],"class_list":["post-143248","post","type-post","status-publish","format-standard","hentry","category-algerie","category-sport"],"_links":{"self":[{"href":"https:\/\/linitiative.ca\/International\/wp-json\/wp\/v2\/posts\/143248","targetHints":{"allow":["GET"]}}],"collection":[{"href":"https:\/\/linitiative.ca\/International\/wp-json\/wp\/v2\/posts"}],"about":[{"href":"https:\/\/linitiative.ca\/International\/wp-json\/wp\/v2\/types\/post"}],"author":[{"embeddable":true,"href":"https:\/\/linitiative.ca\/International\/wp-json\/wp\/v2\/users\/1738"}],"replies":[{"embeddable":true,"href":"https:\/\/linitiative.ca\/International\/wp-json\/wp\/v2\/comments?post=143248"}],"version-history":[{"count":0,"href":"https:\/\/linitiative.ca\/International\/wp-json\/wp\/v2\/posts\/143248\/revisions"}],"wp:attachment":[{"href":"https:\/\/linitiative.ca\/International\/wp-json\/wp\/v2\/media?parent=143248"}],"wp:term":[{"taxonomy":"category","embeddable":true,"href":"https:\/\/linitiative.ca\/International\/wp-json\/wp\/v2\/categories?post=143248"},{"taxonomy":"post_tag","embeddable":true,"href":"https:\/\/linitiative.ca\/International\/wp-json\/wp\/v2\/tags?post=143248"}],"curies":[{"name":"wp","href":"https:\/\/api.w.org\/{rel}","templated":true}]}}