{"id":143252,"date":"2022-03-16T07:10:00","date_gmt":"2022-03-16T11:10:00","guid":{"rendered":"https:\/\/linitiative.ca\/International\/qualifs-mondial-2022-afrique-la-liste-du-cameroun-pour-les-barrages-face-a-lalgerie\/"},"modified":"2022-03-16T07:10:00","modified_gmt":"2022-03-16T11:10:00","slug":"qualifs-mondial-2022-afrique-la-liste-du-cameroun-pour-les-barrages-face-a-lalgerie","status":"publish","type":"post","link":"https:\/\/linitiative.ca\/International\/qualifs-mondial-2022-afrique-la-liste-du-cameroun-pour-les-barrages-face-a-lalgerie\/","title":{"rendered":"Qualifs Mondial 2022 (Afrique) : La liste du Cameroun pour les barrages face \u00e0 l&rsquo;Alg\u00e9rie"},"content":{"rendered":"<div>Apr\u00e8s avoir termin\u00e9 troisi\u00e8me de la CAN, le Cameroun aura pour objectif de se qualifier \u00e0 la Coupe du Monde 2022 au Qatar<\/div>\n<p>Auteur:<br \/>\n<a href=\"https:\/\/www.lebuteur.com\/article\/detail?titre=qualifs-mondial-2022-afrique-la-liste-du-cameroun-pour-les-barrages-face-a-lalgerie&#038;id=102502\">Cliquez ici pour lire l&rsquo;article depuis sa source.<\/a><\/p>\n","protected":false},"excerpt":{"rendered":"<p>Apr\u00e8s avoir termin\u00e9 troisi\u00e8me de la CAN, le Cameroun aura pour objectif de se qualifier \u00e0 la Coupe du Monde 2022 au Qatar Auteur: Cliquez ici pour lire l&rsquo;article depuis sa source.<\/p>\n","protected":false},"author":1738,"featured_media":0,"comment_status":"closed","ping_status":"closed","sticky":false,"template":"","format":"standard","meta":{"fifu_image_url":"","fifu_image_alt":"","footnotes":""},"categories":[53,75],"tags":[],"class_list":["post-143252","post","type-post","status-publish","format-standard","hentry","category-algerie","category-sport"],"_links":{"self":[{"href":"https:\/\/linitiative.ca\/International\/wp-json\/wp\/v2\/posts\/143252","targetHints":{"allow":["GET"]}}],"collection":[{"href":"https:\/\/linitiative.ca\/International\/wp-json\/wp\/v2\/posts"}],"about":[{"href":"https:\/\/linitiative.ca\/International\/wp-json\/wp\/v2\/types\/post"}],"author":[{"embeddable":true,"href":"https:\/\/linitiative.ca\/International\/wp-json\/wp\/v2\/users\/1738"}],"replies":[{"embeddable":true,"href":"https:\/\/linitiative.ca\/International\/wp-json\/wp\/v2\/comments?post=143252"}],"version-history":[{"count":0,"href":"https:\/\/linitiative.ca\/International\/wp-json\/wp\/v2\/posts\/143252\/revisions"}],"wp:attachment":[{"href":"https:\/\/linitiative.ca\/International\/wp-json\/wp\/v2\/media?parent=143252"}],"wp:term":[{"taxonomy":"category","embeddable":true,"href":"https:\/\/linitiative.ca\/International\/wp-json\/wp\/v2\/categories?post=143252"},{"taxonomy":"post_tag","embeddable":true,"href":"https:\/\/linitiative.ca\/International\/wp-json\/wp\/v2\/tags?post=143252"}],"curies":[{"name":"wp","href":"https:\/\/api.w.org\/{rel}","templated":true}]}}