{"id":143255,"date":"2022-03-16T04:51:00","date_gmt":"2022-03-16T08:51:00","guid":{"rendered":"https:\/\/linitiative.ca\/International\/hassen-akrout-homme-de-television-et-de-culture-album-photos\/"},"modified":"2022-03-16T04:51:00","modified_gmt":"2022-03-16T08:51:00","slug":"hassen-akrout-homme-de-television-et-de-culture-album-photos","status":"publish","type":"post","link":"https:\/\/linitiative.ca\/International\/hassen-akrout-homme-de-television-et-de-culture-album-photos\/","title":{"rendered":"Hassen Akrout: Homme de t\u00e9l\u00e9vision et de culture (Album photos)"},"content":{"rendered":"<div><img decoding=\"async\" src=\"https:\/\/linitiative.ca\/International\/wp-content\/uploads\/sites\/23\/2022\/03\/1647419406_article.jpg\" alt=\"Hassen Akrout: Homme de t\u00e9l\u00e9vision et de culture \" align=\"left\">Une rare capacit\u00e9 d\u2019innover, de faire aboutir des projets et de g\u00e9rer avec d\u00e9licatesse des situations complexes, dans un grand raffinement. Originaire de Kerkennah, n\u00e9 \u00e0 Sousse, Hassen Akrout, qui vient de nous quitter \u00e0 l\u2019\u00e2ge de 90 ans, laisse le souvenir d\u2019un homme pluriel qui a servi la Tunisie sur de nombreux fronts. La radiot\u00e9l\u00e9vision, le cin\u00e9ma, la culture, la science, la p\u00eache et l\u2019\u00e9cologie lui doivent des empreintes imp\u00e9rissables. Mais, aussi, le mouvement lyc\u00e9en au d\u00e9but des ann\u00e9es 1950 \u00e0 Sousse et la fondation de l\u2019Uget.<\/p>\n<p>Parcours<br \/>\n\u2022 Originaire des \u00eeles Kerkennah, n\u00e9 le 14 mars 1933 \u00e0 Sousse<br \/>\n\u2022 Titulaire d\u2019une ma\u00eetrise en sociologie<br \/>\n\u2022 1956 &#8230;<\/p>\n<\/div>\n<p>Auteur:<br \/>\n<a href=\"https:\/\/www.leaders.com.tn\/article\/33099-hassen-akrout-homme-de-television-et-de-culture\">Cliquez ici pour lire l&rsquo;article depuis sa source.<\/a><\/p>\n","protected":false},"excerpt":{"rendered":"<p>Une rare capacit\u00e9 d\u2019innover, de faire aboutir des projets et de g\u00e9rer avec d\u00e9licatesse des situations complexes, dans un grand raffinement. Originaire de Kerkennah, n\u00e9 \u00e0 Sousse, Hassen Akrout, qui vient de nous quitter \u00e0 l\u2019\u00e2ge de 90 ans, laisse le souvenir d\u2019un homme pluriel qui a servi la Tunisie sur de nombreux fronts. La [&hellip;]<\/p>\n","protected":false},"author":1772,"featured_media":0,"comment_status":"closed","ping_status":"closed","sticky":false,"template":"","format":"standard","meta":{"fifu_image_url":"http:\/\/www.leaders.com.tn\/uploads\/content\/thumbnails_small\/1647419406_article.jpg","fifu_image_alt":"Hassen Akrout: Homme de t\u00e9l\u00e9vision et de culture (Album photos)","footnotes":""},"categories":[73,55],"tags":[],"class_list":["post-143255","post","type-post","status-publish","format-standard","hentry","category-actualite","category-tunisie"],"_links":{"self":[{"href":"https:\/\/linitiative.ca\/International\/wp-json\/wp\/v2\/posts\/143255","targetHints":{"allow":["GET"]}}],"collection":[{"href":"https:\/\/linitiative.ca\/International\/wp-json\/wp\/v2\/posts"}],"about":[{"href":"https:\/\/linitiative.ca\/International\/wp-json\/wp\/v2\/types\/post"}],"author":[{"embeddable":true,"href":"https:\/\/linitiative.ca\/International\/wp-json\/wp\/v2\/users\/1772"}],"replies":[{"embeddable":true,"href":"https:\/\/linitiative.ca\/International\/wp-json\/wp\/v2\/comments?post=143255"}],"version-history":[{"count":0,"href":"https:\/\/linitiative.ca\/International\/wp-json\/wp\/v2\/posts\/143255\/revisions"}],"wp:attachment":[{"href":"https:\/\/linitiative.ca\/International\/wp-json\/wp\/v2\/media?parent=143255"}],"wp:term":[{"taxonomy":"category","embeddable":true,"href":"https:\/\/linitiative.ca\/International\/wp-json\/wp\/v2\/categories?post=143255"},{"taxonomy":"post_tag","embeddable":true,"href":"https:\/\/linitiative.ca\/International\/wp-json\/wp\/v2\/tags?post=143255"}],"curies":[{"name":"wp","href":"https:\/\/api.w.org\/{rel}","templated":true}]}}