{"id":143261,"date":"2022-03-16T13:33:57","date_gmt":"2022-03-16T17:33:57","guid":{"rendered":"https:\/\/linitiative.ca\/International\/colloque-international-sur-les-coproprietes-perspectives-transsystemiques-vendredi-25-mars-a-marrakech\/"},"modified":"2022-03-16T13:33:57","modified_gmt":"2022-03-16T17:33:57","slug":"colloque-international-sur-les-coproprietes-perspectives-transsystemiques-vendredi-25-mars-a-marrakech","status":"publish","type":"post","link":"https:\/\/linitiative.ca\/International\/colloque-international-sur-les-coproprietes-perspectives-transsystemiques-vendredi-25-mars-a-marrakech\/","title":{"rendered":"Colloque international sur \u00ab\u00a0les copropri\u00e9t\u00e9s : perspectives transsyst\u00e9miques\u00a0\u00bb vendredi 25 mars \u00e0 Marrakech"},"content":{"rendered":"<div><img decoding=\"async\" width=\"800\" height=\"400\" src=\"https:\/\/linitiative.ca\/International\/wp-content\/uploads\/sites\/23\/2022\/03\/abdellatif_yagou_trt_0.jpg\" class=\"attachment-post-thumbnail size-post-thumbnail wp-post-image\" alt=\"\" loading=\"lazy\" srcset=\"https:\/\/linitiative.ca\/International\/wp-content\/uploads\/sites\/23\/2022\/03\/abdellatif_yagou_trt_0.jpg 800w, https:\/\/www.challenge.ma\/wp-content\/uploads\/2017\/03\/abdellatif_yagou_trt_0-300x150.jpg 300w, https:\/\/www.challenge.ma\/wp-content\/uploads\/2017\/03\/abdellatif_yagou_trt_0-360x180.jpg 360w, https:\/\/www.challenge.ma\/wp-content\/uploads\/2017\/03\/abdellatif_yagou_trt_0-750x375.jpg 750w\" sizes=\"auto, (max-width: 800px) 100vw, 800px\" itemprop=\"image\">Le Conseil national de l\u2019Ordre des Notaires du Maroc et l\u2019universit\u00e9 Hassan 1er de Settat, organisent en mode hybride, le vendredi 25 mars 2022 au Complexe administratif et culturel Mohammed VI des Habous de Marrakech, un colloque international sous le th\u00e8me : \u00ab\u00a0Les copropri\u00e9t\u00e9s \u00e0 l\u2019aune des transitions urbaines, environnementales<\/div>\n<p>Auteur: Mehdi Ouazzani<br \/>\n<a href=\"https:\/\/www.challenge.ma\/colloque-international-sur-les-coproprietes-perspectives-transsystemiques-vendredi-25-mars-a-marrakech-234740\/\">Cliquez ici pour lire l&rsquo;article depuis sa source.<\/a><\/p>\n","protected":false},"excerpt":{"rendered":"<p>Le Conseil national de l\u2019Ordre des Notaires du Maroc et l\u2019universit\u00e9 Hassan 1er de Settat, organisent en mode hybride, le vendredi 25 mars 2022 au Complexe administratif et culturel Mohammed VI des Habous de Marrakech, un colloque international sous le th\u00e8me : \u00ab\u00a0Les copropri\u00e9t\u00e9s \u00e0 l\u2019aune des transitions urbaines, environnementales Auteur: Mehdi Ouazzani Cliquez ici [&hellip;]<\/p>\n","protected":false},"author":1787,"featured_media":0,"comment_status":"closed","ping_status":"closed","sticky":false,"template":"","format":"standard","meta":{"fifu_image_url":"https:\/\/www.challenge.ma\/wp-content\/uploads\/2017\/03\/abdellatif_yagou_trt_0.jpg","fifu_image_alt":"Colloque international sur \u00ab\u00a0les copropri\u00e9t\u00e9s : perspectives transsyst\u00e9miques\u00a0\u00bb vendredi 25 mars \u00e0 Marrakech","footnotes":""},"categories":[78,54],"tags":[],"class_list":["post-143261","post","type-post","status-publish","format-standard","hentry","category-economie","category-maroc"],"_links":{"self":[{"href":"https:\/\/linitiative.ca\/International\/wp-json\/wp\/v2\/posts\/143261","targetHints":{"allow":["GET"]}}],"collection":[{"href":"https:\/\/linitiative.ca\/International\/wp-json\/wp\/v2\/posts"}],"about":[{"href":"https:\/\/linitiative.ca\/International\/wp-json\/wp\/v2\/types\/post"}],"author":[{"embeddable":true,"href":"https:\/\/linitiative.ca\/International\/wp-json\/wp\/v2\/users\/1787"}],"replies":[{"embeddable":true,"href":"https:\/\/linitiative.ca\/International\/wp-json\/wp\/v2\/comments?post=143261"}],"version-history":[{"count":0,"href":"https:\/\/linitiative.ca\/International\/wp-json\/wp\/v2\/posts\/143261\/revisions"}],"wp:attachment":[{"href":"https:\/\/linitiative.ca\/International\/wp-json\/wp\/v2\/media?parent=143261"}],"wp:term":[{"taxonomy":"category","embeddable":true,"href":"https:\/\/linitiative.ca\/International\/wp-json\/wp\/v2\/categories?post=143261"},{"taxonomy":"post_tag","embeddable":true,"href":"https:\/\/linitiative.ca\/International\/wp-json\/wp\/v2\/tags?post=143261"}],"curies":[{"name":"wp","href":"https:\/\/api.w.org\/{rel}","templated":true}]}}