{"id":143263,"date":"2022-03-16T15:11:00","date_gmt":"2022-03-16T19:11:00","guid":{"rendered":"https:\/\/linitiative.ca\/International\/jamal-belahrach-jappelle-a-un-partage-dexperiences-et-de-savoir-faire-entre-le-maroc-et-israel-en-matiere-de-gestion-de-leau\/"},"modified":"2022-03-16T15:11:00","modified_gmt":"2022-03-16T19:11:00","slug":"jamal-belahrach-jappelle-a-un-partage-dexperiences-et-de-savoir-faire-entre-le-maroc-et-israel-en-matiere-de-gestion-de-leau","status":"publish","type":"post","link":"https:\/\/linitiative.ca\/International\/jamal-belahrach-jappelle-a-un-partage-dexperiences-et-de-savoir-faire-entre-le-maroc-et-israel-en-matiere-de-gestion-de-leau\/","title":{"rendered":"Jamal Belahrach\u00a0: \u00ab\u00a0J\u2019appelle \u00e0 un partage d\u2019exp\u00e9riences et de savoir-faire entre le Maroc et Isra\u00ebl en mati\u00e8re de gestion de l\u2019eau\u00a0\u00bb"},"content":{"rendered":"<div><img decoding=\"async\" width=\"464\" height=\"377\" src=\"https:\/\/linitiative.ca\/International\/wp-content\/uploads\/sites\/23\/2022\/03\/jamal_belahrach_big6.jpg\" class=\"attachment-post-thumbnail size-post-thumbnail wp-post-image\" alt=\"\" loading=\"lazy\" srcset=\"https:\/\/linitiative.ca\/International\/wp-content\/uploads\/sites\/23\/2022\/03\/jamal_belahrach_big6.jpg 464w, https:\/\/www.challenge.ma\/wp-content\/uploads\/2014\/04\/jamal_belahrach_big6-300x243.jpg 300w, https:\/\/www.challenge.ma\/wp-content\/uploads\/2014\/04\/jamal_belahrach_big6-67x55.jpg 67w, https:\/\/www.challenge.ma\/wp-content\/uploads\/2014\/04\/jamal_belahrach_big6-310x251.jpg 310w, https:\/\/www.challenge.ma\/wp-content\/uploads\/2014\/04\/jamal_belahrach_big6-112x91.jpg 112w\" sizes=\"auto, (max-width: 464px) 100vw, 464px\" itemprop=\"image\">Le vice-pr\u00e9sident de la Chambre de Commerce et d\u2019Industrie Maroc-Isra\u00ebl (CCIMI), Jamal Belahrach, appelle \u00e0 un partage d\u2019exp\u00e9riences et de savoir-faire entre le Maroc et Isra\u00ebl en mati\u00e8re de gestion de l\u2019eau au service du secteur agricole. En marge du premier Symposium Maroc-Isra\u00ebl sur l\u2019agriculture et la pisciculture, qui se<\/div>\n<p>Auteur: challenge<br \/>\n<a href=\"https:\/\/www.challenge.ma\/jamal-belahrach-jappelle-a-un-partage-dexperiences-et-de-savoir-faire-entre-le-maroc-et-israel-en-matiere-de-gestion-de-leau-234736\/\">Cliquez ici pour lire l&rsquo;article depuis sa source.<\/a><\/p>\n","protected":false},"excerpt":{"rendered":"<p>Le vice-pr\u00e9sident de la Chambre de Commerce et d\u2019Industrie Maroc-Isra\u00ebl (CCIMI), Jamal Belahrach, appelle \u00e0 un partage d\u2019exp\u00e9riences et de savoir-faire entre le Maroc et Isra\u00ebl en mati\u00e8re de gestion de l\u2019eau au service du secteur agricole. En marge du premier Symposium Maroc-Isra\u00ebl sur l\u2019agriculture et la pisciculture, qui se Auteur: challenge Cliquez ici pour [&hellip;]<\/p>\n","protected":false},"author":1787,"featured_media":0,"comment_status":"closed","ping_status":"closed","sticky":false,"template":"","format":"standard","meta":{"fifu_image_url":"https:\/\/www.challenge.ma\/wp-content\/uploads\/2014\/04\/jamal_belahrach_big6.jpg","fifu_image_alt":"Jamal Belahrach\u00a0: \u00ab\u00a0J\u2019appelle \u00e0 un partage d\u2019exp\u00e9riences et de savoir-faire entre le Maroc et Isra\u00ebl en mati\u00e8re de gestion de l\u2019eau\u00a0\u00bb","footnotes":""},"categories":[78,54],"tags":[],"class_list":["post-143263","post","type-post","status-publish","format-standard","hentry","category-economie","category-maroc"],"_links":{"self":[{"href":"https:\/\/linitiative.ca\/International\/wp-json\/wp\/v2\/posts\/143263","targetHints":{"allow":["GET"]}}],"collection":[{"href":"https:\/\/linitiative.ca\/International\/wp-json\/wp\/v2\/posts"}],"about":[{"href":"https:\/\/linitiative.ca\/International\/wp-json\/wp\/v2\/types\/post"}],"author":[{"embeddable":true,"href":"https:\/\/linitiative.ca\/International\/wp-json\/wp\/v2\/users\/1787"}],"replies":[{"embeddable":true,"href":"https:\/\/linitiative.ca\/International\/wp-json\/wp\/v2\/comments?post=143263"}],"version-history":[{"count":0,"href":"https:\/\/linitiative.ca\/International\/wp-json\/wp\/v2\/posts\/143263\/revisions"}],"wp:attachment":[{"href":"https:\/\/linitiative.ca\/International\/wp-json\/wp\/v2\/media?parent=143263"}],"wp:term":[{"taxonomy":"category","embeddable":true,"href":"https:\/\/linitiative.ca\/International\/wp-json\/wp\/v2\/categories?post=143263"},{"taxonomy":"post_tag","embeddable":true,"href":"https:\/\/linitiative.ca\/International\/wp-json\/wp\/v2\/tags?post=143263"}],"curies":[{"name":"wp","href":"https:\/\/api.w.org\/{rel}","templated":true}]}}