{"id":143265,"date":"2022-03-16T16:17:47","date_gmt":"2022-03-16T20:17:47","guid":{"rendered":"https:\/\/linitiative.ca\/International\/agriculture-solidaire-aziz-akhannouch-lance-plusieurs-projets-dans-la-region-de-marrakech-safi\/"},"modified":"2022-03-16T16:17:47","modified_gmt":"2022-03-16T20:17:47","slug":"agriculture-solidaire-aziz-akhannouch-lance-plusieurs-projets-dans-la-region-de-marrakech-safi","status":"publish","type":"post","link":"https:\/\/linitiative.ca\/International\/agriculture-solidaire-aziz-akhannouch-lance-plusieurs-projets-dans-la-region-de-marrakech-safi\/","title":{"rendered":"Agriculture solidaire. Aziz Akhannouch lance plusieurs projets dans la r\u00e9gion de Marrakech-Safi"},"content":{"rendered":"<div><img decoding=\"async\" width=\"1600\" height=\"1066\" src=\"https:\/\/linitiative.ca\/International\/wp-content\/uploads\/sites\/23\/2022\/03\/PHOTO-2022-03-16-12-33-34-copie.jpg\" class=\"attachment-post-thumbnail size-post-thumbnail wp-post-image\" alt=\"\" loading=\"lazy\" srcset=\"https:\/\/linitiative.ca\/International\/wp-content\/uploads\/sites\/23\/2022\/03\/PHOTO-2022-03-16-12-33-34-copie.jpg 1600w, https:\/\/www.challenge.ma\/wp-content\/uploads\/2022\/03\/PHOTO-2022-03-16-12-33-34-copie-300x200.jpg 300w, https:\/\/www.challenge.ma\/wp-content\/uploads\/2022\/03\/PHOTO-2022-03-16-12-33-34-copie-1024x682.jpg 1024w, https:\/\/www.challenge.ma\/wp-content\/uploads\/2022\/03\/PHOTO-2022-03-16-12-33-34-copie-768x512.jpg 768w, https:\/\/www.challenge.ma\/wp-content\/uploads\/2022\/03\/PHOTO-2022-03-16-12-33-34-copie-1536x1023.jpg 1536w, https:\/\/www.challenge.ma\/wp-content\/uploads\/2022\/03\/PHOTO-2022-03-16-12-33-34-copie-360x240.jpg 360w, https:\/\/www.challenge.ma\/wp-content\/uploads\/2022\/03\/PHOTO-2022-03-16-12-33-34-copie-750x500.jpg 750w\" sizes=\"auto, (max-width: 1600px) 100vw, 1600px\" itemprop=\"image\">Aziz Akhannouch, le Chef du Gouvernement, a lanc\u00e9 deux projets int\u00e9gr\u00e9s de l\u2019agriculture solidaire sur une superficie totale de 4000\u00a0ha \u00e0 Rhamna et El Kelaa des Sraghnas, portant sur la plantation de cactus r\u00e9sistant \u00e0 la cochenille, la plantation de caroubier et le d\u00e9veloppement de l\u2019\u00e9levage. Le Chef du Gouvernement,<\/div>\n<p>Auteur: challenge<br \/>\n<a href=\"https:\/\/www.challenge.ma\/agriculture-solidaire-aziz-akhannouch-lance-plusieurs-projets-dans-la-region-de-marrakech-safi-234747\/\">Cliquez ici pour lire l&rsquo;article depuis sa source.<\/a><\/p>\n","protected":false},"excerpt":{"rendered":"<p>Aziz Akhannouch, le Chef du Gouvernement, a lanc\u00e9 deux projets int\u00e9gr\u00e9s de l\u2019agriculture solidaire sur une superficie totale de 4000\u00a0ha \u00e0 Rhamna et El Kelaa des Sraghnas, portant sur la plantation de cactus r\u00e9sistant \u00e0 la cochenille, la plantation de caroubier et le d\u00e9veloppement de l\u2019\u00e9levage. Le Chef du Gouvernement, Auteur: challenge Cliquez ici pour [&hellip;]<\/p>\n","protected":false},"author":1787,"featured_media":0,"comment_status":"closed","ping_status":"closed","sticky":false,"template":"","format":"standard","meta":{"fifu_image_url":"https:\/\/www.challenge.ma\/wp-content\/uploads\/2022\/03\/PHOTO-2022-03-16-12-33-34-copie.jpg","fifu_image_alt":"Agriculture solidaire. Aziz Akhannouch lance plusieurs projets dans la r\u00e9gion de Marrakech-Safi","footnotes":""},"categories":[78,54],"tags":[],"class_list":["post-143265","post","type-post","status-publish","format-standard","hentry","category-economie","category-maroc"],"_links":{"self":[{"href":"https:\/\/linitiative.ca\/International\/wp-json\/wp\/v2\/posts\/143265","targetHints":{"allow":["GET"]}}],"collection":[{"href":"https:\/\/linitiative.ca\/International\/wp-json\/wp\/v2\/posts"}],"about":[{"href":"https:\/\/linitiative.ca\/International\/wp-json\/wp\/v2\/types\/post"}],"author":[{"embeddable":true,"href":"https:\/\/linitiative.ca\/International\/wp-json\/wp\/v2\/users\/1787"}],"replies":[{"embeddable":true,"href":"https:\/\/linitiative.ca\/International\/wp-json\/wp\/v2\/comments?post=143265"}],"version-history":[{"count":0,"href":"https:\/\/linitiative.ca\/International\/wp-json\/wp\/v2\/posts\/143265\/revisions"}],"wp:attachment":[{"href":"https:\/\/linitiative.ca\/International\/wp-json\/wp\/v2\/media?parent=143265"}],"wp:term":[{"taxonomy":"category","embeddable":true,"href":"https:\/\/linitiative.ca\/International\/wp-json\/wp\/v2\/categories?post=143265"},{"taxonomy":"post_tag","embeddable":true,"href":"https:\/\/linitiative.ca\/International\/wp-json\/wp\/v2\/tags?post=143265"}],"curies":[{"name":"wp","href":"https:\/\/api.w.org\/{rel}","templated":true}]}}