{"id":143272,"date":"2022-03-16T15:53:04","date_gmt":"2022-03-16T19:53:04","guid":{"rendered":"https:\/\/linitiative.ca\/International\/pre-dialogue-tchadien-a-doha-cest-la-bonne-foi-qui-manque-le-plus\/"},"modified":"2022-03-16T15:53:04","modified_gmt":"2022-03-16T19:53:04","slug":"pre-dialogue-tchadien-a-doha-cest-la-bonne-foi-qui-manque-le-plus","status":"publish","type":"post","link":"https:\/\/linitiative.ca\/International\/pre-dialogue-tchadien-a-doha-cest-la-bonne-foi-qui-manque-le-plus\/","title":{"rendered":"PRE-DIALOGUE TCHADIEN A DOHA : C\u2019est la bonne foi qui manque le plus\u00a0"},"content":{"rendered":"<div>\n<p><img decoding=\"async\" width=\"300\" height=\"168\" src=\"https:\/\/linitiative.ca\/International\/wp-content\/uploads\/sites\/23\/2022\/03\/TCHAD-1.jpg\" class=\"attachment- size- wp-post-image\" alt=\"\" loading=\"lazy\" style=\"float:left; margin:0 15px 15px 0;\" srcset=\"https:\/\/linitiative.ca\/International\/wp-content\/uploads\/sites\/23\/2022\/03\/TCHAD-1.jpg 300w, https:\/\/lepays.bf\/wp-content\/uploads\/2022\/03\/TCHAD-1-150x84.jpg 150w\" sizes=\"auto, (max-width: 300px) 100vw, 300px\">Ouvert le 13 mars dernier \u00e0 Doha au Qatar, le pr\u00e9-dialogue tchadien suspendu pour 72 heures afin de permettre aux diff\u00e9rentes parties prenantes d\u2019aplanir quelques difficult\u00e9s, devait reprendre hier, 16 mars dernier. Mais finalement, il a \u00e9t\u00e9 ajourn\u00e9 pour 48 heures suppl\u00e9mentaires. En rappel, le [\u2026]<\/p>\n<p>L\u2019article <a rel=\"nofollow\" href=\"https:\/\/lepays.bf\/pre-dialogue-tchadien-a-doha-cest-la-bonne-foi-qui-manque-le-plus\/\">PRE-DIALOGUE TCHADIEN A DOHA : C\u2019est la bonne foi qui manque le plus\u00a0<\/a> est apparu en premier sur <a rel=\"nofollow\" href=\"https:\/\/lepays.bf\/\">Editions Le Pays<\/a>.<\/p>\n<\/div>\n<p>Auteur: Editions LEPAYS<br \/>\n<a href=\"https:\/\/lepays.bf\/pre-dialogue-tchadien-a-doha-cest-la-bonne-foi-qui-manque-le-plus\/\">Cliquez ici pour lire l&rsquo;article depuis sa source.<\/a><\/p>\n","protected":false},"excerpt":{"rendered":"<p>Ouvert le 13 mars dernier \u00e0 Doha au Qatar, le pr\u00e9-dialogue tchadien suspendu pour 72 heures afin de permettre aux diff\u00e9rentes parties prenantes d\u2019aplanir quelques difficult\u00e9s, devait reprendre hier, 16 mars dernier. Mais finalement, il a \u00e9t\u00e9 ajourn\u00e9 pour 48 heures suppl\u00e9mentaires. En rappel, le [\u2026] L\u2019article PRE-DIALOGUE TCHADIEN A DOHA : C\u2019est la bonne [&hellip;]<\/p>\n","protected":false},"author":1813,"featured_media":0,"comment_status":"closed","ping_status":"closed","sticky":false,"template":"","format":"standard","meta":{"fifu_image_url":"https:\/\/lepays.bf\/wp-content\/uploads\/2022\/03\/TCHAD-1.jpg","fifu_image_alt":"PRE-DIALOGUE TCHADIEN A DOHA : C\u2019est la bonne foi qui manque le plus\u00a0","footnotes":""},"categories":[73,81],"tags":[],"class_list":["post-143272","post","type-post","status-publish","format-standard","hentry","category-actualite","category-burkina-faso"],"_links":{"self":[{"href":"https:\/\/linitiative.ca\/International\/wp-json\/wp\/v2\/posts\/143272","targetHints":{"allow":["GET"]}}],"collection":[{"href":"https:\/\/linitiative.ca\/International\/wp-json\/wp\/v2\/posts"}],"about":[{"href":"https:\/\/linitiative.ca\/International\/wp-json\/wp\/v2\/types\/post"}],"author":[{"embeddable":true,"href":"https:\/\/linitiative.ca\/International\/wp-json\/wp\/v2\/users\/1813"}],"replies":[{"embeddable":true,"href":"https:\/\/linitiative.ca\/International\/wp-json\/wp\/v2\/comments?post=143272"}],"version-history":[{"count":0,"href":"https:\/\/linitiative.ca\/International\/wp-json\/wp\/v2\/posts\/143272\/revisions"}],"wp:attachment":[{"href":"https:\/\/linitiative.ca\/International\/wp-json\/wp\/v2\/media?parent=143272"}],"wp:term":[{"taxonomy":"category","embeddable":true,"href":"https:\/\/linitiative.ca\/International\/wp-json\/wp\/v2\/categories?post=143272"},{"taxonomy":"post_tag","embeddable":true,"href":"https:\/\/linitiative.ca\/International\/wp-json\/wp\/v2\/tags?post=143272"}],"curies":[{"name":"wp","href":"https:\/\/api.w.org\/{rel}","templated":true}]}}