{"id":143276,"date":"2022-03-16T16:00:44","date_gmt":"2022-03-16T20:00:44","guid":{"rendered":"https:\/\/linitiative.ca\/International\/projet-de-loi-pour-lacces-a-la-presidence-aux-congolais-de-pere-et-de-mere-attention-a-lexclusion\/"},"modified":"2022-03-16T16:00:44","modified_gmt":"2022-03-16T20:00:44","slug":"projet-de-loi-pour-lacces-a-la-presidence-aux-congolais-de-pere-et-de-mere-attention-a-lexclusion","status":"publish","type":"post","link":"https:\/\/linitiative.ca\/International\/projet-de-loi-pour-lacces-a-la-presidence-aux-congolais-de-pere-et-de-mere-attention-a-lexclusion\/","title":{"rendered":"PROJET DE LOI POUR L\u2019ACCES A LA PRESIDENCE, AUX CONGOLAIS DE PERE ET DE MERE : Attention \u00e0 l\u2019exclusion\u00a0!"},"content":{"rendered":"<div>\n<p><img loading=\"lazy\" decoding=\"async\" width=\"275\" height=\"183\" src=\"https:\/\/linitiative.ca\/International\/wp-content\/uploads\/sites\/23\/2022\/03\/CONGO-1.jpg\" class=\"attachment- size- wp-post-image\" alt=\"\" style=\"float:left; margin:0 15px 15px 0;\" srcset=\"https:\/\/linitiative.ca\/International\/wp-content\/uploads\/sites\/23\/2022\/03\/CONGO-1.jpg 275w, https:\/\/lepays.bf\/wp-content\/uploads\/2022\/03\/CONGO-1-150x100.jpg 150w, https:\/\/lepays.bf\/wp-content\/uploads\/2022\/03\/CONGO-1-128x86.jpg 128w\" sizes=\"auto, (max-width: 275px) 100vw, 275px\">L\u2019ancien candidat malheureux \u00e0 la pr\u00e9sidentielle congolaise de 2018, No\u00ebl Tshiani, a formul\u00e9 une proposition de loi qui limite les candidatures \u00e0 l\u2019\u00e9lection pr\u00e9sidentielle aux seuls Congolais n\u00e9s de p\u00e8re et de m\u00e8re d\u2019origine congolaise. D\u00e9pos\u00e9 le 8 juillet dernier au Parlement par le d\u00e9put\u00e9 [\u2026]<\/p>\n<p>L\u2019article <a rel=\"nofollow\" href=\"https:\/\/lepays.bf\/projet-de-loi-pour-lacces-a-la-presidence-aux-congolais-de-pere-et-de-mere-attention-a-lexclusion-2\/\">PROJET DE LOI POUR L\u2019ACCES A LA PRESIDENCE, AUX CONGOLAIS DE PERE ET DE MERE : Attention \u00e0 l\u2019exclusion\u00a0!<\/a> est apparu en premier sur <a rel=\"nofollow\" href=\"https:\/\/lepays.bf\/\">Editions Le Pays<\/a>.<\/p>\n<\/div>\n<p>Auteur: Editions LEPAYS<br \/>\n<a href=\"https:\/\/lepays.bf\/projet-de-loi-pour-lacces-a-la-presidence-aux-congolais-de-pere-et-de-mere-attention-a-lexclusion-2\/\">Cliquez ici pour lire l&rsquo;article depuis sa source.<\/a><\/p>\n","protected":false},"excerpt":{"rendered":"<p>L\u2019ancien candidat malheureux \u00e0 la pr\u00e9sidentielle congolaise de 2018, No\u00ebl Tshiani, a formul\u00e9 une proposition de loi qui limite les candidatures \u00e0 l\u2019\u00e9lection pr\u00e9sidentielle aux seuls Congolais n\u00e9s de p\u00e8re et de m\u00e8re d\u2019origine congolaise. D\u00e9pos\u00e9 le 8 juillet dernier au Parlement par le d\u00e9put\u00e9 [\u2026] L\u2019article PROJET DE LOI POUR L\u2019ACCES A LA PRESIDENCE, [&hellip;]<\/p>\n","protected":false},"author":1813,"featured_media":0,"comment_status":"closed","ping_status":"closed","sticky":false,"template":"","format":"standard","meta":{"fifu_image_url":"https:\/\/lepays.bf\/wp-content\/uploads\/2022\/03\/CONGO-1.jpg","fifu_image_alt":"PROJET DE LOI POUR L\u2019ACCES A LA PRESIDENCE, AUX CONGOLAIS DE PERE ET DE MERE : Attention \u00e0 l\u2019exclusion\u00a0!","footnotes":""},"categories":[73,81],"tags":[],"class_list":["post-143276","post","type-post","status-publish","format-standard","hentry","category-actualite","category-burkina-faso"],"_links":{"self":[{"href":"https:\/\/linitiative.ca\/International\/wp-json\/wp\/v2\/posts\/143276","targetHints":{"allow":["GET"]}}],"collection":[{"href":"https:\/\/linitiative.ca\/International\/wp-json\/wp\/v2\/posts"}],"about":[{"href":"https:\/\/linitiative.ca\/International\/wp-json\/wp\/v2\/types\/post"}],"author":[{"embeddable":true,"href":"https:\/\/linitiative.ca\/International\/wp-json\/wp\/v2\/users\/1813"}],"replies":[{"embeddable":true,"href":"https:\/\/linitiative.ca\/International\/wp-json\/wp\/v2\/comments?post=143276"}],"version-history":[{"count":0,"href":"https:\/\/linitiative.ca\/International\/wp-json\/wp\/v2\/posts\/143276\/revisions"}],"wp:attachment":[{"href":"https:\/\/linitiative.ca\/International\/wp-json\/wp\/v2\/media?parent=143276"}],"wp:term":[{"taxonomy":"category","embeddable":true,"href":"https:\/\/linitiative.ca\/International\/wp-json\/wp\/v2\/categories?post=143276"},{"taxonomy":"post_tag","embeddable":true,"href":"https:\/\/linitiative.ca\/International\/wp-json\/wp\/v2\/tags?post=143276"}],"curies":[{"name":"wp","href":"https:\/\/api.w.org\/{rel}","templated":true}]}}