{"id":143278,"date":"2022-03-16T08:26:07","date_gmt":"2022-03-16T12:26:07","guid":{"rendered":"https:\/\/linitiative.ca\/International\/tchad-extradition-a-la-cpi-de-lex-rebelle-centrafricain-maxime-mokom\/"},"modified":"2022-03-16T08:26:07","modified_gmt":"2022-03-16T12:26:07","slug":"tchad-extradition-a-la-cpi-de-lex-rebelle-centrafricain-maxime-mokom","status":"publish","type":"post","link":"https:\/\/linitiative.ca\/International\/tchad-extradition-a-la-cpi-de-lex-rebelle-centrafricain-maxime-mokom\/","title":{"rendered":"Tchad: extradition \u00e0 la CPI de l\u2019ex-rebelle centrafricain \u00a0Maxime Mokom"},"content":{"rendered":"<div>\n<p>Suspect\u00e9 par la Cour p\u00e9nale internationale (CPI) pour crimes de guerre et de crimes contre l\u2019humanit\u00e9 qui auraient \u00e9t\u00e9 commis \u00e0 Bangui et dans d\u2019autres localit\u00e9s de la R\u00e9publique centrafricaine en 2013 et 2014, l\u2019ancien rebelle centrafricain Maxime Mokom a \u00e9t\u00e9 arr\u00eat\u00e9 et extrad\u00e9 \u00e0 la CPI par les autorit\u00e9s tchadiennes. Selon DW, cette arrestation a \u00e9t\u00e9 joyeusement salu\u00e9e par la soci\u00e9t\u00e9 civile centrafricaine. Selon elle, le Tchad \u00a0doit faire plus en livrant les autres ex-rebelles centrafricains recherch\u00e9s par la CPI qui se trouvent encore dans le pays de feu\u00a0 mar\u00e9chal Idriss Deby Itno.<\/p>\n<p>A.k<\/p>\n<p>L\u2019article <a rel=\"nofollow\" href=\"https:\/\/www.sidwaya.info\/blog\/2022\/03\/16\/tchad-extradition-a-la-cpi-de-lex-rebelle-centrafricain-maxime-mokom\/\">Tchad: extradition \u00e0 la CPI de l\u2019ex-rebelle centrafricain \u00a0Maxime Mokom<\/a> est apparu en premier sur <a rel=\"nofollow\" href=\"https:\/\/www.sidwaya.info\/\">Quotidien Sidwaya<\/a>.<\/p>\n<\/div>\n<p>Auteur: BS. Sidwaya<br \/>\n<a href=\"https:\/\/www.sidwaya.info\/blog\/2022\/03\/16\/tchad-extradition-a-la-cpi-de-lex-rebelle-centrafricain-maxime-mokom\/?utm_source=rss&#038;utm_medium=rss&#038;utm_campaign=tchad-extradition-a-la-cpi-de-lex-rebelle-centrafricain-maxime-mokom\">Cliquez ici pour lire l&rsquo;article depuis sa source.<\/a><\/p>\n","protected":false},"excerpt":{"rendered":"<p>Suspect\u00e9 par la Cour p\u00e9nale internationale (CPI) pour crimes de guerre et de crimes contre l\u2019humanit\u00e9 qui auraient \u00e9t\u00e9 commis \u00e0 Bangui et dans d\u2019autres localit\u00e9s de la R\u00e9publique centrafricaine en 2013 et 2014, l\u2019ancien rebelle centrafricain Maxime Mokom a \u00e9t\u00e9 arr\u00eat\u00e9 et extrad\u00e9 \u00e0 la CPI par les autorit\u00e9s tchadiennes. Selon DW, cette arrestation [&hellip;]<\/p>\n","protected":false},"author":1816,"featured_media":0,"comment_status":"closed","ping_status":"closed","sticky":false,"template":"","format":"standard","meta":{"fifu_image_url":"","fifu_image_alt":"","footnotes":""},"categories":[73,81],"tags":[],"class_list":["post-143278","post","type-post","status-publish","format-standard","hentry","category-actualite","category-burkina-faso"],"_links":{"self":[{"href":"https:\/\/linitiative.ca\/International\/wp-json\/wp\/v2\/posts\/143278","targetHints":{"allow":["GET"]}}],"collection":[{"href":"https:\/\/linitiative.ca\/International\/wp-json\/wp\/v2\/posts"}],"about":[{"href":"https:\/\/linitiative.ca\/International\/wp-json\/wp\/v2\/types\/post"}],"author":[{"embeddable":true,"href":"https:\/\/linitiative.ca\/International\/wp-json\/wp\/v2\/users\/1816"}],"replies":[{"embeddable":true,"href":"https:\/\/linitiative.ca\/International\/wp-json\/wp\/v2\/comments?post=143278"}],"version-history":[{"count":0,"href":"https:\/\/linitiative.ca\/International\/wp-json\/wp\/v2\/posts\/143278\/revisions"}],"wp:attachment":[{"href":"https:\/\/linitiative.ca\/International\/wp-json\/wp\/v2\/media?parent=143278"}],"wp:term":[{"taxonomy":"category","embeddable":true,"href":"https:\/\/linitiative.ca\/International\/wp-json\/wp\/v2\/categories?post=143278"},{"taxonomy":"post_tag","embeddable":true,"href":"https:\/\/linitiative.ca\/International\/wp-json\/wp\/v2\/tags?post=143278"}],"curies":[{"name":"wp","href":"https:\/\/api.w.org\/{rel}","templated":true}]}}