{"id":143279,"date":"2022-03-16T08:39:21","date_gmt":"2022-03-16T12:39:21","guid":{"rendered":"https:\/\/linitiative.ca\/International\/gaoua-le-corps-dune-fillette-retrouvee-sans-vie\/"},"modified":"2022-03-16T08:39:21","modified_gmt":"2022-03-16T12:39:21","slug":"gaoua-le-corps-dune-fillette-retrouvee-sans-vie","status":"publish","type":"post","link":"https:\/\/linitiative.ca\/International\/gaoua-le-corps-dune-fillette-retrouvee-sans-vie\/","title":{"rendered":"Gaoua\u00a0: le corps d\u2019une fillette retrouv\u00e9e sans vie"},"content":{"rendered":"<div>\n<p>Des habitants du quartier Gaoua-Paris du chef-lieu de la r\u00e9gion du sud-ouest ont d\u00e9couvert, dans la matin\u00e9e de ce mercredi 16 mars 2022, le corps sans vie d\u2019une fillette de 14 ans. Vite, la nouvelle s\u2019est rependue dans la ville comme une train\u00e9e de poudre. C\u2019est ainsi qu\u2019une famille du village d\u2019Osoro qui \u00e9tait \u00e0 la recherche de sa fille a pu l\u2019identifier. Selon les parents, la victime souffrait d\u2019une crise d\u2019\u00e9pilepsie.<\/p>\n<p><strong>\u00a0J.H.<\/strong><\/p>\n<p>L\u2019article <a rel=\"nofollow\" href=\"https:\/\/www.sidwaya.info\/blog\/2022\/03\/16\/gaoua-le-corps-dune-fillette-retrouvee-sans-vie\/\">Gaoua\u00a0: le corps d\u2019une fillette retrouv\u00e9e sans vie<\/a> est apparu en premier sur <a rel=\"nofollow\" href=\"https:\/\/www.sidwaya.info\/\">Quotidien Sidwaya<\/a>.<\/p>\n<\/div>\n<p>Auteur: Wamini SIDWAYA<br \/>\n<a href=\"https:\/\/www.sidwaya.info\/blog\/2022\/03\/16\/gaoua-le-corps-dune-fillette-retrouvee-sans-vie\/?utm_source=rss&#038;utm_medium=rss&#038;utm_campaign=gaoua-le-corps-dune-fillette-retrouvee-sans-vie\">Cliquez ici pour lire l&rsquo;article depuis sa source.<\/a><\/p>\n","protected":false},"excerpt":{"rendered":"<p>Des habitants du quartier Gaoua-Paris du chef-lieu de la r\u00e9gion du sud-ouest ont d\u00e9couvert, dans la matin\u00e9e de ce mercredi 16 mars 2022, le corps sans vie d\u2019une fillette de 14 ans. Vite, la nouvelle s\u2019est rependue dans la ville comme une train\u00e9e de poudre. C\u2019est ainsi qu\u2019une famille du village d\u2019Osoro qui \u00e9tait \u00e0 [&hellip;]<\/p>\n","protected":false},"author":1816,"featured_media":0,"comment_status":"closed","ping_status":"closed","sticky":false,"template":"","format":"standard","meta":{"fifu_image_url":"","fifu_image_alt":"","footnotes":""},"categories":[73,81],"tags":[],"class_list":["post-143279","post","type-post","status-publish","format-standard","hentry","category-actualite","category-burkina-faso"],"_links":{"self":[{"href":"https:\/\/linitiative.ca\/International\/wp-json\/wp\/v2\/posts\/143279","targetHints":{"allow":["GET"]}}],"collection":[{"href":"https:\/\/linitiative.ca\/International\/wp-json\/wp\/v2\/posts"}],"about":[{"href":"https:\/\/linitiative.ca\/International\/wp-json\/wp\/v2\/types\/post"}],"author":[{"embeddable":true,"href":"https:\/\/linitiative.ca\/International\/wp-json\/wp\/v2\/users\/1816"}],"replies":[{"embeddable":true,"href":"https:\/\/linitiative.ca\/International\/wp-json\/wp\/v2\/comments?post=143279"}],"version-history":[{"count":0,"href":"https:\/\/linitiative.ca\/International\/wp-json\/wp\/v2\/posts\/143279\/revisions"}],"wp:attachment":[{"href":"https:\/\/linitiative.ca\/International\/wp-json\/wp\/v2\/media?parent=143279"}],"wp:term":[{"taxonomy":"category","embeddable":true,"href":"https:\/\/linitiative.ca\/International\/wp-json\/wp\/v2\/categories?post=143279"},{"taxonomy":"post_tag","embeddable":true,"href":"https:\/\/linitiative.ca\/International\/wp-json\/wp\/v2\/tags?post=143279"}],"curies":[{"name":"wp","href":"https:\/\/api.w.org\/{rel}","templated":true}]}}