{"id":143282,"date":"2022-03-16T15:08:55","date_gmt":"2022-03-16T19:08:55","guid":{"rendered":"https:\/\/linitiative.ca\/International\/vente-du-sucre-fabrique-par-la-sn-sosuco-le-ministere-en-charge-du-commerce-interpelle-les-commercants-au-respect-des-prix-fixes\/"},"modified":"2022-03-16T15:08:55","modified_gmt":"2022-03-16T19:08:55","slug":"vente-du-sucre-fabrique-par-la-sn-sosuco-le-ministere-en-charge-du-commerce-interpelle-les-commercants-au-respect-des-prix-fixes","status":"publish","type":"post","link":"https:\/\/linitiative.ca\/International\/vente-du-sucre-fabrique-par-la-sn-sosuco-le-ministere-en-charge-du-commerce-interpelle-les-commercants-au-respect-des-prix-fixes\/","title":{"rendered":"Vente du sucre fabriqu\u00e9 par la SN SOSUCO: Le minist\u00e8re en charge du commerce interpelle les commer\u00e7ants au respect des prix fix\u00e9s"},"content":{"rendered":"<div>\n<p>Dans un communiqu\u00e9 ci-dessus, le minist\u00e8re en charge du Commerce, interpelle les commercants aux respect des prix de vente du sucre fabriqu\u00e9 par \u00a0la SN SOSUCO soit 600 FCFA le kg\/ sucre granul\u00e9 et de 750 FCFA le paquet d\u2019un kg \/sucre morceau. Pour d\u00e9noncer tout cas de non-respect des prix fixes appeler au num\u00e9ro suivant\u00a0: 80 00 11 84\u00a0; 80 00 11 85 ou 80 00 11 86.<\/p>\n<p>Lire le\u00a0 <a href=\"https:\/\/www.sidwaya.info\/wp-content\/uploads\/2022\/03\/Communique-sur-le-respect-des-prix-du-Sucre-SN-SOSUCO.pdf\">Communiqu\u00e9 sur le respect des prix du Sucre SN SOSUCO<\/a><\/p>\n<p>B.S<\/p>\n<p>\u00a0<\/p>\n<p>L\u2019article <a rel=\"nofollow\" href=\"https:\/\/www.sidwaya.info\/blog\/2022\/03\/16\/vente-du-sucre-fabrique-par-la-sn-sosuco-le-ministere-en-charge-du-commerce-interpelle-les-commercants-au-respect-des-prix-fixes\/\">Vente du sucre fabriqu\u00e9 par la SN SOSUCO: Le minist\u00e8re en charge du commerce interpelle les commer\u00e7ants au respect des prix fix\u00e9s<\/a> est apparu en premier sur <a rel=\"nofollow\" href=\"https:\/\/www.sidwaya.info\/\">Quotidien Sidwaya<\/a>.<\/p>\n<\/div>\n<p>Auteur: BS. Sidwaya<br \/>\n<a href=\"https:\/\/www.sidwaya.info\/blog\/2022\/03\/16\/vente-du-sucre-fabrique-par-la-sn-sosuco-le-ministere-en-charge-du-commerce-interpelle-les-commercants-au-respect-des-prix-fixes\/?utm_source=rss&#038;utm_medium=rss&#038;utm_campaign=vente-du-sucre-fabrique-par-la-sn-sosuco-le-ministere-en-charge-du-commerce-interpelle-les-commercants-au-respect-des-prix-fixes\">Cliquez ici pour lire l&rsquo;article depuis sa source.<\/a><\/p>\n","protected":false},"excerpt":{"rendered":"<p>Dans un communiqu\u00e9 ci-dessus, le minist\u00e8re en charge du Commerce, interpelle les commercants aux respect des prix de vente du sucre fabriqu\u00e9 par \u00a0la SN SOSUCO soit 600 FCFA le kg\/ sucre granul\u00e9 et de 750 FCFA le paquet d\u2019un kg \/sucre morceau. Pour d\u00e9noncer tout cas de non-respect des prix fixes appeler au num\u00e9ro [&hellip;]<\/p>\n","protected":false},"author":1816,"featured_media":0,"comment_status":"closed","ping_status":"closed","sticky":false,"template":"","format":"standard","meta":{"fifu_image_url":"","fifu_image_alt":"","footnotes":""},"categories":[73,81],"tags":[],"class_list":["post-143282","post","type-post","status-publish","format-standard","hentry","category-actualite","category-burkina-faso"],"_links":{"self":[{"href":"https:\/\/linitiative.ca\/International\/wp-json\/wp\/v2\/posts\/143282","targetHints":{"allow":["GET"]}}],"collection":[{"href":"https:\/\/linitiative.ca\/International\/wp-json\/wp\/v2\/posts"}],"about":[{"href":"https:\/\/linitiative.ca\/International\/wp-json\/wp\/v2\/types\/post"}],"author":[{"embeddable":true,"href":"https:\/\/linitiative.ca\/International\/wp-json\/wp\/v2\/users\/1816"}],"replies":[{"embeddable":true,"href":"https:\/\/linitiative.ca\/International\/wp-json\/wp\/v2\/comments?post=143282"}],"version-history":[{"count":0,"href":"https:\/\/linitiative.ca\/International\/wp-json\/wp\/v2\/posts\/143282\/revisions"}],"wp:attachment":[{"href":"https:\/\/linitiative.ca\/International\/wp-json\/wp\/v2\/media?parent=143282"}],"wp:term":[{"taxonomy":"category","embeddable":true,"href":"https:\/\/linitiative.ca\/International\/wp-json\/wp\/v2\/categories?post=143282"},{"taxonomy":"post_tag","embeddable":true,"href":"https:\/\/linitiative.ca\/International\/wp-json\/wp\/v2\/tags?post=143282"}],"curies":[{"name":"wp","href":"https:\/\/api.w.org\/{rel}","templated":true}]}}