{"id":143284,"date":"2022-03-16T10:18:03","date_gmt":"2022-03-16T14:18:03","guid":{"rendered":"https:\/\/linitiative.ca\/International\/corridor-abidjan-lagos-la-cedeao-en-quete-dinvestisseurs\/"},"modified":"2022-03-16T10:18:03","modified_gmt":"2022-03-16T14:18:03","slug":"corridor-abidjan-lagos-la-cedeao-en-quete-dinvestisseurs","status":"publish","type":"post","link":"https:\/\/linitiative.ca\/International\/corridor-abidjan-lagos-la-cedeao-en-quete-dinvestisseurs\/","title":{"rendered":"Corridor Abidjan-Lagos: la Cedeao en qu\u00eate d\u2019investisseurs"},"content":{"rendered":"<div>\n<p><img decoding=\"async\" width=\"725\" height=\"423\" src=\"https:\/\/linitiative.ca\/International\/wp-content\/uploads\/sites\/23\/2022\/03\/16474402831481.jpg\" class=\"attachment-post-thumbnail size-post-thumbnail wp-post-image\" alt=\"\" loading=\"lazy\" srcset=\"https:\/\/linitiative.ca\/International\/wp-content\/uploads\/sites\/23\/2022\/03\/16474402831481.jpg 725w, https:\/\/www.journalducameroun.com\/wp-content\/uploads\/2022\/03\/16474402831481-300x175.jpg 300w, https:\/\/www.journalducameroun.com\/wp-content\/uploads\/2022\/03\/16474402831481-600x350.jpg 600w\" sizes=\"auto, (max-width: 725px) 100vw, 725px\"><\/p>\n<p>La Communaut\u00e9 \u00e9conomique des Etats de l&rsquo;Afrique de l&rsquo;Ouest pr\u00e9side un Forum pour le financement du corridor Abidjan-Lagos.Le pr\u00e9sident de la Commission de la CEDEAO, M. Jean-Claude Kassi Brou, co-pr\u00e9side ce mercredi 16 mars 2022, une r\u00e9union virtuelle pour attirer les investisseurs devant financer la construction du projet d&rsquo;autoroute du corridor Abidjan-Lagos en compagnie de Solomon Quaynor, vice-pr\u00e9sident de la Banque africaine de d\u00e9veloppement (BAD), pour le secteur priv\u00e9, les infrastructures et l&rsquo;industrialisation.<\/p>\n<p>L&rsquo;autoroute Abidjan-Lagos couvre quelque 1 028 km et huit postes fronti\u00e8res est un projet qui vise \u00e0 construire une autoroute supranationale \u00e0 six voies avec des composantes pour la transformer en un corridor de d\u00e9veloppement \u00e9conomique qui interconnecte cinq Etats membres de la Cedeao (C\u00f4te d&rsquo;Ivoire, Ghana, Togo, B\u00e9nin et Nigeria), et huit postes fronti\u00e8res.<\/p>\n<p>Il va faciliter les liaisons de transport, la libre circulation et l&rsquo;am\u00e9lioration des \u00e9changes \u00e9conomiques transfrontaliers entre les cinq pays concern\u00e9s.L&rsquo;importance strat\u00e9gique de ce projet tient au fait que l&rsquo;axe Abidjan-Lagos p\u00e8se pour pr\u00e8s de 75 % des activit\u00e9s commerciales sous-r\u00e9gionales.<\/p>\n<p>Les enjeux pour la r\u00e9gion sont importants car ce corridor connectera \u00e9galement les ports maritimes d&rsquo;Afrique de l&rsquo;Ouest \u00e0 tous les pays enclav\u00e9s de la r\u00e9gion, \u00e0 savoir le Burkina Faso, le Mali et le Niger. Il a l&rsquo;avantage de relier non seulement les zones les plus dens\u00e9ment peupl\u00e9es et \u00e9conomiquement actives de la sous-r\u00e9gion ouest africaine, mais il croise \u00e9galement un r\u00e9seau ferroviaire et rejoint les principaux ports et a\u00e9roports.<\/p>\n<p>Selon la d\u00e9claration de la Commission de la Cedeao, la r\u00e9union vise \u00e0 pr\u00e9senter ce projet d&rsquo;infrastructure phare de la Cedeao dans le secteur des transports (le projet de d\u00e9veloppement de l&rsquo;autoroute du corridor Abidjan-Lagos) aux investisseurs potentiels, avec un accord pour demander un financement d&rsquo;investissement.<\/p>\n<p>Elle a ajout\u00e9 que le projet d&rsquo;autoroute du corridor Abidjan-Lagos, qui est enti\u00e8rement mis en \u0153uvre en collaboration avec les pays du corridor, est un \u00e9l\u00e9ment cl\u00e9 du 2\u00e8me Plan d&rsquo;action prioritaire du Programme de d\u00e9veloppement des infrastructures en Afrique (PIDA-PAP II).<\/p>\n<p>Il s&rsquo;agit \u00e9galement d&rsquo;une priorit\u00e9 dans le cadre de la nouvelle Vision 2050 de la Cedeao, qui, entre autres objectifs, vise \u00e0 \u00ab faire de la Cedeao une r\u00e9gion \u00e9conomique totalement int\u00e9gr\u00e9e et interconnect\u00e9e \u00bb.<\/p>\n<p>Une fois achev\u00e9, le corridor stimulera le commerce (catalyseur pour la Zlecaf), encouragera les investissements dans d&rsquo;autres secteurs \u00e9conomiques et cr\u00e9era des opportunit\u00e9s d&#8217;emploi pour les citoyens des Etats membres.<\/p>\n<p>\u00ab Le corridor fait \u00e9galement partie du corridor Dakar-Lagos et constitue une partie importante du r\u00e9seau routier transafricain et une priorit\u00e9 cl\u00e9 dans le plan directeur de d\u00e9veloppement des infrastructures r\u00e9gionales de la Cedeao sur 25 ans\u00a0\u00bb, indique le communiqu\u00e9.<\/p>\n<p>Cet article <a rel=\"nofollow\" href=\"https:\/\/www.journalducameroun.com\/corridor-abidjan-lagos-la-cedeao-en-quete-dinvestisseurs\/\">Corridor Abidjan-Lagos: la Cedeao en qu\u00eate d\u2019investisseurs<\/a> est apparu en premier sur <a rel=\"nofollow\" href=\"https:\/\/www.journalducameroun.com\/\">Journal du Cameroun<\/a>.<\/p>\n<\/div>\n<p>Auteur: APA News<br \/>\n<a href=\"https:\/\/www.journalducameroun.com\/corridor-abidjan-lagos-la-cedeao-en-quete-dinvestisseurs\/\">Cliquez ici pour lire l&rsquo;article depuis sa source.<\/a><\/p>\n","protected":false},"excerpt":{"rendered":"<p>La Communaut\u00e9 \u00e9conomique des Etats de l&rsquo;Afrique de l&rsquo;Ouest pr\u00e9side un Forum pour le financement du corridor Abidjan-Lagos.Le pr\u00e9sident de la Commission de la CEDEAO, M. Jean-Claude Kassi Brou, co-pr\u00e9side ce mercredi 16 mars 2022, une r\u00e9union virtuelle pour attirer les investisseurs devant financer la construction du projet d&rsquo;autoroute du corridor Abidjan-Lagos en compagnie de [&hellip;]<\/p>\n","protected":false},"author":1965,"featured_media":0,"comment_status":"closed","ping_status":"closed","sticky":false,"template":"","format":"standard","meta":{"fifu_image_url":"https:\/\/www.journalducameroun.com\/wp-content\/uploads\/2022\/03\/16474402831481.jpg","fifu_image_alt":"Corridor Abidjan-Lagos: la Cedeao en qu\u00eate d\u2019investisseurs","footnotes":""},"categories":[73,82],"tags":[],"class_list":["post-143284","post","type-post","status-publish","format-standard","hentry","category-actualite","category-cameroun"],"_links":{"self":[{"href":"https:\/\/linitiative.ca\/International\/wp-json\/wp\/v2\/posts\/143284","targetHints":{"allow":["GET"]}}],"collection":[{"href":"https:\/\/linitiative.ca\/International\/wp-json\/wp\/v2\/posts"}],"about":[{"href":"https:\/\/linitiative.ca\/International\/wp-json\/wp\/v2\/types\/post"}],"author":[{"embeddable":true,"href":"https:\/\/linitiative.ca\/International\/wp-json\/wp\/v2\/users\/1965"}],"replies":[{"embeddable":true,"href":"https:\/\/linitiative.ca\/International\/wp-json\/wp\/v2\/comments?post=143284"}],"version-history":[{"count":0,"href":"https:\/\/linitiative.ca\/International\/wp-json\/wp\/v2\/posts\/143284\/revisions"}],"wp:attachment":[{"href":"https:\/\/linitiative.ca\/International\/wp-json\/wp\/v2\/media?parent=143284"}],"wp:term":[{"taxonomy":"category","embeddable":true,"href":"https:\/\/linitiative.ca\/International\/wp-json\/wp\/v2\/categories?post=143284"},{"taxonomy":"post_tag","embeddable":true,"href":"https:\/\/linitiative.ca\/International\/wp-json\/wp\/v2\/tags?post=143284"}],"curies":[{"name":"wp","href":"https:\/\/api.w.org\/{rel}","templated":true}]}}