{"id":143286,"date":"2022-03-16T10:23:12","date_gmt":"2022-03-16T14:23:12","guid":{"rendered":"https:\/\/linitiative.ca\/International\/le-cameroun-presente-ses-mesures-face-au-changement-climatique\/"},"modified":"2022-03-16T10:23:12","modified_gmt":"2022-03-16T14:23:12","slug":"le-cameroun-presente-ses-mesures-face-au-changement-climatique","status":"publish","type":"post","link":"https:\/\/linitiative.ca\/International\/le-cameroun-presente-ses-mesures-face-au-changement-climatique\/","title":{"rendered":"Le Cameroun pr\u00e9sente ses mesures face au changement climatique"},"content":{"rendered":"<div>\n<p><img decoding=\"async\" width=\"720\" height=\"381\" src=\"https:\/\/linitiative.ca\/International\/wp-content\/uploads\/sites\/23\/2022\/03\/Antalya-Diplomacy-Forum.jpeg\" class=\"attachment-post-thumbnail size-post-thumbnail wp-post-image\" alt=\"Forum diplomatique d'Antalya\" loading=\"lazy\" srcset=\"https:\/\/linitiative.ca\/International\/wp-content\/uploads\/sites\/23\/2022\/03\/Antalya-Diplomacy-Forum.jpeg 720w, https:\/\/www.journalducameroun.com\/wp-content\/uploads\/2022\/03\/Antalya-Diplomacy-Forum-300x159.jpeg 300w, https:\/\/www.journalducameroun.com\/wp-content\/uploads\/2022\/03\/Antalya-Diplomacy-Forum-600x318.jpeg 600w\" sizes=\"auto, (max-width: 720px) 100vw, 720px\"><\/p>\n<h2 style=\"text-align: justify;\">Cela a \u00e9t\u00e9 fait par son ministre des Relations ext\u00e9rieures Lejeune Mbella Mbella, lors du forum diplomatique d\u2019Antalya organis\u00e9 en Turquie du 11 au 13 mars dernier.<\/h2>\n<p style=\"text-align: justify;\">\n<p>Pour la deuxi\u00e8me fois cons\u00e9cutive, la <strong>Turquie<\/strong> a r\u00e9uni sur son sol, chefs d\u2019Etats, de gouvernement, leaders d&rsquo;opinions publiques, op\u00e9rateurs \u00e9conomiques et universitaires. Et c\u2019est la ville d\u2019Antalya qui a servi de cadre \u00e0 leur rencontre.<\/p>\n<p style=\"text-align: justify;\">Rencontre qui porte son nom, <strong>Forum diplomatique d\u2019Antalya<\/strong>. Le th\u00e8me y consacr\u00e9 est \u2018Reconstruire la diplomatie\u2019. Le Cameroun repr\u00e9sent\u00e9 par son <strong>ministre des Relations Ext\u00e9rieures Lejeune Mbella Mbella<\/strong>, s\u2019est appesanti sur <strong>\u2018Le changement climatique et la transition \u00e9nerg\u00e9tique\u2019.<\/strong><\/p>\n<p style=\"text-align: justify;\">Occasion pour le <strong>minrex<\/strong> de pr\u00e9senter les efforts du Cameroun dans sa riposte et la protection de l\u2019\u00e9cosyst\u00e8me. <strong>Lejeune Mbella Mbella<\/strong> a par ailleurs tenu \u00e0 encourager les investisseurs \u00e0 rejoindre ce combat pour sauver la nature.<\/p>\n<p style=\"text-align: justify;\">Pour <strong>Lejeune Mbella Mbella<\/strong>, les Etats et les institutions financi\u00e8res mondiales doivent financer les politiques climatiques mais \u00e9galement investir en priorit\u00e9 dans les projets ax\u00e9s sur l\u2019efficacit\u00e9 \u00e9nerg\u00e9tique, les \u00e9nergies renouvelables et les r\u00e9seaux d\u2019\u00e9nergies, ainsi que dans les initiatives de recherche au d\u00e9veloppement et \u00e0 l\u2019innovation relevant du secteur \u00e9nerg\u00e9tique.<\/p>\n<p style=\"text-align: justify;\">Le forum d\u2019Antalya a connu la participation de plusieurs dirigeants mondiaux qui n\u2019ont pas manqu\u00e9 de saluer l\u2019initiative. C\u2019est le ministre des Affaires \u00e9trang\u00e8res, Mevl\u00fct \u00c7avu\u015fo\u011flu, qui a prononc\u00e9 le discours d&rsquo;inauguration et a d\u00e9clar\u00e9 <em>\u00ab nous organisons le Forum de diplomatie d&rsquo;Antalya dans cette ville, qui abritait Patara, le premier parlement du monde, o\u00f9 la tradition de chercher des solutions aux probl\u00e8mes en parlant et en n\u00e9gociant avait commenc\u00e9 \u00bb.<\/em><\/p>\n<p style=\"text-align: justify;\">Et il n\u2019a pas manqu\u00e9 de souligner <em>\u00ab\u00a0 la Turquie a le cinqui\u00e8me plus grand r\u00e9seau diplomatique avec deux cent cinquante-deux missions, avec notre personnel expert dans le monde, y compris dans les zones les plus difficiles, et que nous menons une diplomatie entreprenante en essayant de r\u00e9soudre les probl\u00e8mes dans tous les coins du monde, \u00e0 la fois au niveau des dirigeants et au niveau des ambassades \u00bb.<\/em><\/p>\n<p style=\"text-align: justify;\">Ce forum qui offre une plateforme de discussions interactives sur les aspects cl\u00e9s de reconstruction \u00a0des coop\u00e9rations bilat\u00e9rales et multilat\u00e9rales a \u00e9t\u00e9 l\u2019occasion pour le Cameroun de renforcer ses relations diplomatiques. Le ministre <strong>Lejeune Mbella Mbella<\/strong> a pu rencontrer son homologue turc, Mevl\u00fct \u00c7avu\u015fo\u011flu.<\/p>\n<p style=\"text-align: justify;\">Les deux <strong>diplomates<\/strong> ont pu se f\u00e9liciter de la coop\u00e9ration, l\u2019amiti\u00e9 et la solidarit\u00e9 qui existent entre les deux pays.<\/p>\n<p>Cet article <a rel=\"nofollow\" href=\"https:\/\/www.journalducameroun.com\/le-cameroun-presente-ses-mesures-face-au-changement-climatique\/\">Le Cameroun pr\u00e9sente ses mesures face au changement climatique<\/a> est apparu en premier sur <a rel=\"nofollow\" href=\"https:\/\/www.journalducameroun.com\/\">Journal du Cameroun<\/a>.<\/p>\n<\/div>\n<p>Auteur: Paul Wandji<br \/>\n<a href=\"https:\/\/www.journalducameroun.com\/le-cameroun-presente-ses-mesures-face-au-changement-climatique\/\">Cliquez ici pour lire l&rsquo;article depuis sa source.<\/a><\/p>\n","protected":false},"excerpt":{"rendered":"<p>Cela a \u00e9t\u00e9 fait par son ministre des Relations ext\u00e9rieures Lejeune Mbella Mbella, lors du forum diplomatique d\u2019Antalya organis\u00e9 en Turquie du 11 au 13 mars dernier. Pour la deuxi\u00e8me fois cons\u00e9cutive, la Turquie a r\u00e9uni sur son sol, chefs d\u2019Etats, de gouvernement, leaders d&rsquo;opinions publiques, op\u00e9rateurs \u00e9conomiques et universitaires. Et c\u2019est la ville d\u2019Antalya [&hellip;]<\/p>\n","protected":false},"author":1965,"featured_media":0,"comment_status":"closed","ping_status":"closed","sticky":false,"template":"","format":"standard","meta":{"fifu_image_url":"https:\/\/www.journalducameroun.com\/wp-content\/uploads\/2022\/03\/Antalya-Diplomacy-Forum.jpeg","fifu_image_alt":"Le Cameroun pr\u00e9sente ses mesures face au changement climatique","footnotes":""},"categories":[73,82],"tags":[],"class_list":["post-143286","post","type-post","status-publish","format-standard","hentry","category-actualite","category-cameroun"],"_links":{"self":[{"href":"https:\/\/linitiative.ca\/International\/wp-json\/wp\/v2\/posts\/143286","targetHints":{"allow":["GET"]}}],"collection":[{"href":"https:\/\/linitiative.ca\/International\/wp-json\/wp\/v2\/posts"}],"about":[{"href":"https:\/\/linitiative.ca\/International\/wp-json\/wp\/v2\/types\/post"}],"author":[{"embeddable":true,"href":"https:\/\/linitiative.ca\/International\/wp-json\/wp\/v2\/users\/1965"}],"replies":[{"embeddable":true,"href":"https:\/\/linitiative.ca\/International\/wp-json\/wp\/v2\/comments?post=143286"}],"version-history":[{"count":0,"href":"https:\/\/linitiative.ca\/International\/wp-json\/wp\/v2\/posts\/143286\/revisions"}],"wp:attachment":[{"href":"https:\/\/linitiative.ca\/International\/wp-json\/wp\/v2\/media?parent=143286"}],"wp:term":[{"taxonomy":"category","embeddable":true,"href":"https:\/\/linitiative.ca\/International\/wp-json\/wp\/v2\/categories?post=143286"},{"taxonomy":"post_tag","embeddable":true,"href":"https:\/\/linitiative.ca\/International\/wp-json\/wp\/v2\/tags?post=143286"}],"curies":[{"name":"wp","href":"https:\/\/api.w.org\/{rel}","templated":true}]}}