{"id":143288,"date":"2022-03-16T10:29:11","date_gmt":"2022-03-16T14:29:11","guid":{"rendered":"https:\/\/linitiative.ca\/International\/formation-professionnelle-issa-tchiroma-sur-le-terrain-a-douala\/"},"modified":"2022-03-16T10:29:11","modified_gmt":"2022-03-16T14:29:11","slug":"formation-professionnelle-issa-tchiroma-sur-le-terrain-a-douala","status":"publish","type":"post","link":"https:\/\/linitiative.ca\/International\/formation-professionnelle-issa-tchiroma-sur-le-terrain-a-douala\/","title":{"rendered":"Formation professionnelle\u00a0: Issa Tchiroma sur le terrain \u00e0 Douala"},"content":{"rendered":"<div>\n<p><img decoding=\"async\" width=\"1080\" height=\"486\" src=\"https:\/\/linitiative.ca\/International\/wp-content\/uploads\/sites\/23\/2022\/03\/issa.jpg\" class=\"attachment-post-thumbnail size-post-thumbnail wp-post-image\" alt=\"\" loading=\"lazy\" srcset=\"https:\/\/linitiative.ca\/International\/wp-content\/uploads\/sites\/23\/2022\/03\/issa.jpg 1080w, https:\/\/www.journalducameroun.com\/wp-content\/uploads\/2022\/03\/issa-300x135.jpg 300w, https:\/\/www.journalducameroun.com\/wp-content\/uploads\/2022\/03\/issa-1024x461.jpg 1024w, https:\/\/www.journalducameroun.com\/wp-content\/uploads\/2022\/03\/issa-768x346.jpg 768w, https:\/\/www.journalducameroun.com\/wp-content\/uploads\/2022\/03\/issa-978x440.jpg 978w, https:\/\/www.journalducameroun.com\/wp-content\/uploads\/2022\/03\/issa-600x270.jpg 600w\" sizes=\"auto, (max-width: 1080px) 100vw, 1080px\"><\/p>\n<h2 style=\"text-align: justify;\">Issa Tchiroma Bakary, ministre de la formation professionnelle est selon Cameroun Tribune en ce moment, en visite de travail dans la capitale \u00e9conomique.<\/h2>\n<p style=\"text-align: justify;\">Ce dernier effectue une visite de travail dans les structures de formation professionnelle de la capitale \u00e9conomique. Cette action s\u2019inscrit dans le cadre des\u00a0 journ\u00e9es portes ouvertes du Minefop.<\/p>\n<p style=\"text-align: justify;\">L&rsquo;objectif de cette initiative est de permettre au ministre de se faire une id\u00e9e des conditions de formation des apprenants. En visitant les diff\u00e9rents d\u00e9partements de formation, Issa Tchiroma Bakary a pu \u00e9valuer le plateau technique du Centre de formation professionnelle d&rsquo;excellence de Douala (CFPE) qui offre 14 sp\u00e9cialit\u00e9s dont 11 dans les m\u00e9tiers industriels et 3 dans ceux du tertiaire.<\/p>\n<p>Cet article <a rel=\"nofollow\" href=\"https:\/\/www.journalducameroun.com\/formation-professionnelle-issa-tchiroma-sur-le-terrain-a-douala\/\">Formation professionnelle\u00a0: Issa Tchiroma sur le terrain \u00e0 Douala<\/a> est apparu en premier sur <a rel=\"nofollow\" href=\"https:\/\/www.journalducameroun.com\/\">Journal du Cameroun<\/a>.<\/p>\n<\/div>\n<p>Auteur: Esther FOSSI<br \/>\n<a href=\"https:\/\/www.journalducameroun.com\/formation-professionnelle-issa-tchiroma-sur-le-terrain-a-douala\/\">Cliquez ici pour lire l&rsquo;article depuis sa source.<\/a><\/p>\n","protected":false},"excerpt":{"rendered":"<p>Issa Tchiroma Bakary, ministre de la formation professionnelle est selon Cameroun Tribune en ce moment, en visite de travail dans la capitale \u00e9conomique. Ce dernier effectue une visite de travail dans les structures de formation professionnelle de la capitale \u00e9conomique. Cette action s\u2019inscrit dans le cadre des\u00a0 journ\u00e9es portes ouvertes du Minefop. L&rsquo;objectif de cette [&hellip;]<\/p>\n","protected":false},"author":1965,"featured_media":0,"comment_status":"closed","ping_status":"closed","sticky":false,"template":"","format":"standard","meta":{"fifu_image_url":"https:\/\/www.journalducameroun.com\/wp-content\/uploads\/2022\/03\/issa.jpg","fifu_image_alt":"Formation professionnelle\u00a0: Issa Tchiroma sur le terrain \u00e0 Douala","footnotes":""},"categories":[73,82],"tags":[],"class_list":["post-143288","post","type-post","status-publish","format-standard","hentry","category-actualite","category-cameroun"],"_links":{"self":[{"href":"https:\/\/linitiative.ca\/International\/wp-json\/wp\/v2\/posts\/143288","targetHints":{"allow":["GET"]}}],"collection":[{"href":"https:\/\/linitiative.ca\/International\/wp-json\/wp\/v2\/posts"}],"about":[{"href":"https:\/\/linitiative.ca\/International\/wp-json\/wp\/v2\/types\/post"}],"author":[{"embeddable":true,"href":"https:\/\/linitiative.ca\/International\/wp-json\/wp\/v2\/users\/1965"}],"replies":[{"embeddable":true,"href":"https:\/\/linitiative.ca\/International\/wp-json\/wp\/v2\/comments?post=143288"}],"version-history":[{"count":0,"href":"https:\/\/linitiative.ca\/International\/wp-json\/wp\/v2\/posts\/143288\/revisions"}],"wp:attachment":[{"href":"https:\/\/linitiative.ca\/International\/wp-json\/wp\/v2\/media?parent=143288"}],"wp:term":[{"taxonomy":"category","embeddable":true,"href":"https:\/\/linitiative.ca\/International\/wp-json\/wp\/v2\/categories?post=143288"},{"taxonomy":"post_tag","embeddable":true,"href":"https:\/\/linitiative.ca\/International\/wp-json\/wp\/v2\/tags?post=143288"}],"curies":[{"name":"wp","href":"https:\/\/api.w.org\/{rel}","templated":true}]}}