{"id":143290,"date":"2022-03-16T11:49:04","date_gmt":"2022-03-16T15:49:04","guid":{"rendered":"https:\/\/linitiative.ca\/International\/cameroun-anthony-elanga-tourne-le-dos-aux-lions-indomptables\/"},"modified":"2022-03-16T11:49:04","modified_gmt":"2022-03-16T15:49:04","slug":"cameroun-anthony-elanga-tourne-le-dos-aux-lions-indomptables","status":"publish","type":"post","link":"https:\/\/linitiative.ca\/International\/cameroun-anthony-elanga-tourne-le-dos-aux-lions-indomptables\/","title":{"rendered":"Cameroun : Anthony Elanga tourne le dos aux Lions indomptables"},"content":{"rendered":"<div>\n<p><img decoding=\"async\" width=\"886\" height=\"500\" src=\"https:\/\/linitiative.ca\/International\/wp-content\/uploads\/sites\/23\/2022\/03\/Entre-le-Cameroun-et-la-Suede-Anthony-Elanga-a-fait-son-choix.jpg\" class=\"attachment-post-thumbnail size-post-thumbnail wp-post-image\" alt=\"\" loading=\"lazy\" srcset=\"https:\/\/linitiative.ca\/International\/wp-content\/uploads\/sites\/23\/2022\/03\/Entre-le-Cameroun-et-la-Suede-Anthony-Elanga-a-fait-son-choix.jpg 886w, https:\/\/www.journalducameroun.com\/wp-content\/uploads\/2022\/03\/Entre-le-Cameroun-et-la-Suede-Anthony-Elanga-a-fait-son-choix-300x169.jpg 300w, https:\/\/www.journalducameroun.com\/wp-content\/uploads\/2022\/03\/Entre-le-Cameroun-et-la-Suede-Anthony-Elanga-a-fait-son-choix-768x433.jpg 768w, https:\/\/www.journalducameroun.com\/wp-content\/uploads\/2022\/03\/Entre-le-Cameroun-et-la-Suede-Anthony-Elanga-a-fait-son-choix-780x440.jpg 780w, https:\/\/www.journalducameroun.com\/wp-content\/uploads\/2022\/03\/Entre-le-Cameroun-et-la-Suede-Anthony-Elanga-a-fait-son-choix-380x215.jpg 380w, https:\/\/www.journalducameroun.com\/wp-content\/uploads\/2022\/03\/Entre-le-Cameroun-et-la-Suede-Anthony-Elanga-a-fait-son-choix-160x90.jpg 160w, https:\/\/www.journalducameroun.com\/wp-content\/uploads\/2022\/03\/Entre-le-Cameroun-et-la-Suede-Anthony-Elanga-a-fait-son-choix-240x135.jpg 240w, https:\/\/www.journalducameroun.com\/wp-content\/uploads\/2022\/03\/Entre-le-Cameroun-et-la-Suede-Anthony-Elanga-a-fait-son-choix-600x339.jpg 600w\" sizes=\"auto, (max-width: 886px) 100vw, 886px\"><\/p>\n<h2 style=\"text-align: justify;\"><strong>Comme pressenti,\u00a0Janne Andersson, le s\u00e9lectionneur de la Su\u00e8de a convoqu\u00e9 le jeune prodige d\u2019origine camerounaise de Manchester United pour affronter la R\u00e9publique Tch\u00e8que le 24 mars.<\/strong><\/h2>\n<p style=\"text-align: justify;\">Les Camerounais peuvent dire adieu \u00e0 Anthony Elanga\u00a0! Les n\u00e9gociations entam\u00e9es depuis un certain temps pour r\u00e9cup\u00e9rer le Su\u00e9do-camerounais ont \u00e9chou\u00e9.\u00a0Il revient donc aux autorit\u00e9s en charge du football camerounais de revoir la strat\u00e9gie de persuasion des binationaux\u00a0!<\/p>\n<p style=\"text-align: justify;\">Le r\u00eave de voir l\u2019ailier de Manchester United d\u00e9fendre les couleurs camerounaises s\u2019est \u00e9vapor\u00e9 ce jour. Nul doute que le puissant ailier des Reds va r\u00e9pondre pr\u00e9sent \u00e0 l\u2019appel du s\u00e9lectionneur su\u00e9dois pour le match des barrages contre la R\u00e9publique Tch\u00e8que, qualificatif pour le Mondial qatari.<\/p>\n<p style=\"text-align: justify;\">Bien qu\u2019ayant d\u00e9j\u00e0 jou\u00e9 avec toutes cat\u00e9gories jeunes de Su\u00e8de, le jeune Elanga, (il est n\u00e9 le 27 avril 2022 en su\u00e8de), avait encore la possibilit\u00e9 de d\u00e9fendre les couleurs du Cameroun. Le pays de ses parents. Joseph Elanga, son p\u00e8re, ancien soci\u00e9taire du Canon de Yaound\u00e9, f\u00fbt d\u2019ailleurs international Camerounais \u00e0 la fin des ann\u00e9es 90. Il participe notamment \u00e0 la Coupe du monde France 98.<\/p>\n<p style=\"text-align: justify;\">Devenu titulaire \u00e0 Manchester United, \u00e0 moins de 20 ans, le puissant ailier est vou\u00e9 \u00e0 un bel avenir. Qu\u2019importe si Manchester United s\u2019est fait \u00e9liminer ce mardi en huiti\u00e8me de finale de la Ligue des Champions devant l\u2019Atletico Madrid, Anthony Elanga, titulaire \u00e0 l\u2019entame du match, a su faire \u00e9talage de ses qualit\u00e9s. Malgr\u00e9 quelques loup\u00e9s face \u00e0 excellent gardien Jan Oblak, il a rendu une copie assez propre de son match.\u00a0De quoi donner des regrets aux Camerounais.<\/p>\n<p style=\"text-align: justify;\">\n<p>Cet article <a rel=\"nofollow\" href=\"https:\/\/www.journalducameroun.com\/cameroun-anthony-elanga-tourne-le-dos-aux-lions-indomptables\/\">Cameroun : Anthony Elanga tourne le dos aux Lions indomptables<\/a> est apparu en premier sur <a rel=\"nofollow\" href=\"https:\/\/www.journalducameroun.com\/\">Journal du Cameroun<\/a>.<\/p>\n<\/div>\n<p>Auteur: Emile Zola Nd\u00e9 Tchoussi<br \/>\n<a href=\"https:\/\/www.journalducameroun.com\/cameroun-anthony-elanga-tourne-le-dos-aux-lions-indomptables\/\">Cliquez ici pour lire l&rsquo;article depuis sa source.<\/a><\/p>\n","protected":false},"excerpt":{"rendered":"<p>Comme pressenti,\u00a0Janne Andersson, le s\u00e9lectionneur de la Su\u00e8de a convoqu\u00e9 le jeune prodige d\u2019origine camerounaise de Manchester United pour affronter la R\u00e9publique Tch\u00e8que le 24 mars. Les Camerounais peuvent dire adieu \u00e0 Anthony Elanga\u00a0! Les n\u00e9gociations entam\u00e9es depuis un certain temps pour r\u00e9cup\u00e9rer le Su\u00e9do-camerounais ont \u00e9chou\u00e9.\u00a0Il revient donc aux autorit\u00e9s en charge du football [&hellip;]<\/p>\n","protected":false},"author":1965,"featured_media":0,"comment_status":"closed","ping_status":"closed","sticky":false,"template":"","format":"standard","meta":{"fifu_image_url":"https:\/\/www.journalducameroun.com\/wp-content\/uploads\/2022\/03\/Entre-le-Cameroun-et-la-Suede-Anthony-Elanga-a-fait-son-choix.jpg","fifu_image_alt":"Cameroun : Anthony Elanga tourne le dos aux Lions indomptables","footnotes":""},"categories":[73,82],"tags":[],"class_list":["post-143290","post","type-post","status-publish","format-standard","hentry","category-actualite","category-cameroun"],"_links":{"self":[{"href":"https:\/\/linitiative.ca\/International\/wp-json\/wp\/v2\/posts\/143290","targetHints":{"allow":["GET"]}}],"collection":[{"href":"https:\/\/linitiative.ca\/International\/wp-json\/wp\/v2\/posts"}],"about":[{"href":"https:\/\/linitiative.ca\/International\/wp-json\/wp\/v2\/types\/post"}],"author":[{"embeddable":true,"href":"https:\/\/linitiative.ca\/International\/wp-json\/wp\/v2\/users\/1965"}],"replies":[{"embeddable":true,"href":"https:\/\/linitiative.ca\/International\/wp-json\/wp\/v2\/comments?post=143290"}],"version-history":[{"count":0,"href":"https:\/\/linitiative.ca\/International\/wp-json\/wp\/v2\/posts\/143290\/revisions"}],"wp:attachment":[{"href":"https:\/\/linitiative.ca\/International\/wp-json\/wp\/v2\/media?parent=143290"}],"wp:term":[{"taxonomy":"category","embeddable":true,"href":"https:\/\/linitiative.ca\/International\/wp-json\/wp\/v2\/categories?post=143290"},{"taxonomy":"post_tag","embeddable":true,"href":"https:\/\/linitiative.ca\/International\/wp-json\/wp\/v2\/tags?post=143290"}],"curies":[{"name":"wp","href":"https:\/\/api.w.org\/{rel}","templated":true}]}}