{"id":143292,"date":"2022-03-16T16:18:03","date_gmt":"2022-03-16T20:18:03","guid":{"rendered":"https:\/\/linitiative.ca\/International\/mali-la-minusma-investit-plus-de-500-millions-f-cfa-dans-le-nord\/"},"modified":"2022-03-16T16:18:03","modified_gmt":"2022-03-16T20:18:03","slug":"mali-la-minusma-investit-plus-de-500-millions-f-cfa-dans-le-nord","status":"publish","type":"post","link":"https:\/\/linitiative.ca\/International\/mali-la-minusma-investit-plus-de-500-millions-f-cfa-dans-le-nord\/","title":{"rendered":"Mali : la Minusma investit plus de 500 millions F CFA dans le Nord"},"content":{"rendered":"<div>\n<p><img decoding=\"async\" width=\"500\" height=\"333\" src=\"https:\/\/linitiative.ca\/International\/wp-content\/uploads\/sites\/23\/2022\/03\/16474618831750.jpg\" class=\"attachment-post-thumbnail size-post-thumbnail wp-post-image\" alt=\"\" loading=\"lazy\" srcset=\"https:\/\/linitiative.ca\/International\/wp-content\/uploads\/sites\/23\/2022\/03\/16474618831750.jpg 500w, https:\/\/www.journalducameroun.com\/wp-content\/uploads\/2022\/03\/16474618831750-300x200.jpg 300w\" sizes=\"auto, (max-width: 500px) 100vw, 500px\"><\/p>\n<p>La Mission multidimensionnelle int\u00e9gr\u00e9e des Nations Unies pour la stabilisation au Mali (Minusma) a financ\u00e9 plusieurs projets de d\u00e9veloppement \u00e0 Bourem, dans la r\u00e9gion de Gao (Nord).La lutte contre l&rsquo;ins\u00e9curit\u00e9 au Mali passe \u00e9galement par un mieux-\u00eatre des communaut\u00e9s. La Mission multidimensionnelle int\u00e9gr\u00e9e des Nations Unies pour la stabilisation au Mali (Minusma) en est bien consciente.<\/p>\n<p>Elle a ainsi d\u00e9bloqu\u00e9 plus de 223 millions F CFA pour le cercle de Bourem (Nord). Ces fonds sont destin\u00e9s \u00e0 l&rsquo;\u00e9quipement et l&rsquo;\u00e9lectrification de dix radios communautaires de Taboye, Temera, Bamba et de la commune de Bourem, et l&rsquo;installation de 150 lampadaires solaires dans ces localit\u00e9s, informe un communiqu\u00e9 re\u00e7u mercredi \u00e0 APA.<\/p>\n<p>Les dix radios ont chacune \u00e9t\u00e9 dot\u00e9es de mat\u00e9riels professionnels pour la production (tables de mixage, microphones, ordinateurs portables et de bureau) ainsi que d&rsquo;\u00e9quipements pour assurer le bon fonctionnement et l&rsquo;alimentation de ces outils de travail (humidificateurs et ventilateurs solaires).<\/p>\n<p>Par ailleurs, souligne le document, les techniciens de ces m\u00e9dias ont subi une formation pour \u00eatre capables d&rsquo;installer et d&rsquo;entretenir les \u00e9quipements. En outre, ils ont re\u00e7u une bo\u00eete \u00e0 outils pour la maintenance.<\/p>\n<p>\u00ab Cet important lot de mat\u00e9riels permet d\u00e9j\u00e0 et permettra aux radios de\u00a0Bourem d&rsquo;\u00eatre plus proche des communaut\u00e9s pour mieux les informer, les \u00e9duquer,\u00a0les sensibiliser.\u00a0Elles pourront\u00a0aussi faire face aux r\u00e9currentes pannes d&rsquo;\u00e9lectricit\u00e9\u00a0\u00bb, s&rsquo;est r\u00e9joui Ibrahim Moussa Tour\u00e9, Directeur d&rsquo;Aadar de Bourem, l&rsquo;une des stations de radio cibl\u00e9es.<\/p>\n<p>Selon le pr\u00e9fet Ibrahim Ongoiba, \u00ab les radios\u00a0(de\u00a0cette localit\u00e9)\u00a0sont bien outill\u00e9es pour se mettre \u00e0 l&rsquo;\u00e9coute et au service de la population \u00bb. Ce repr\u00e9sentant de l&rsquo;\u00c9tat a invit\u00e9 les b\u00e9n\u00e9ficiaires \u00e0 \u00ab prendre soin de ces mat\u00e9riels et de ne pas les d\u00e9tourner\u00a0de leurs objectifs\u00a0\u00bb.<\/p>\n<p>La remise de ces \u00e9quipements, le 14 mars dernier, a \u00e9galement \u00e9t\u00e9 l&rsquo;occasion pour lancer cinq autres projets chiffr\u00e9s \u00e0 plus de 284 millions F CFA et visant \u00e0 pr\u00e9venir les violences intercommunautaires avec la mise en service de forages solaires pour un acc\u00e8s partag\u00e9 \u00e0 l&rsquo;eau.<\/p>\n<p>Cet article <a rel=\"nofollow\" href=\"https:\/\/www.journalducameroun.com\/mali-la-minusma-investit-plus-de-500-millions-f-cfa-dans-le-nord\/\">Mali : la Minusma investit plus de 500 millions F CFA dans le Nord<\/a> est apparu en premier sur <a rel=\"nofollow\" href=\"https:\/\/www.journalducameroun.com\/\">Journal du Cameroun<\/a>.<\/p>\n<\/div>\n<p>Auteur: APA News<br \/>\n<a href=\"https:\/\/www.journalducameroun.com\/mali-la-minusma-investit-plus-de-500-millions-f-cfa-dans-le-nord\/\">Cliquez ici pour lire l&rsquo;article depuis sa source.<\/a><\/p>\n","protected":false},"excerpt":{"rendered":"<p>La Mission multidimensionnelle int\u00e9gr\u00e9e des Nations Unies pour la stabilisation au Mali (Minusma) a financ\u00e9 plusieurs projets de d\u00e9veloppement \u00e0 Bourem, dans la r\u00e9gion de Gao (Nord).La lutte contre l&rsquo;ins\u00e9curit\u00e9 au Mali passe \u00e9galement par un mieux-\u00eatre des communaut\u00e9s. La Mission multidimensionnelle int\u00e9gr\u00e9e des Nations Unies pour la stabilisation au Mali (Minusma) en est bien [&hellip;]<\/p>\n","protected":false},"author":1965,"featured_media":0,"comment_status":"closed","ping_status":"closed","sticky":false,"template":"","format":"standard","meta":{"fifu_image_url":"https:\/\/www.journalducameroun.com\/wp-content\/uploads\/2022\/03\/16474618831750.jpg","fifu_image_alt":"Mali : la Minusma investit plus de 500 millions F CFA dans le Nord","footnotes":""},"categories":[73,82],"tags":[],"class_list":["post-143292","post","type-post","status-publish","format-standard","hentry","category-actualite","category-cameroun"],"_links":{"self":[{"href":"https:\/\/linitiative.ca\/International\/wp-json\/wp\/v2\/posts\/143292","targetHints":{"allow":["GET"]}}],"collection":[{"href":"https:\/\/linitiative.ca\/International\/wp-json\/wp\/v2\/posts"}],"about":[{"href":"https:\/\/linitiative.ca\/International\/wp-json\/wp\/v2\/types\/post"}],"author":[{"embeddable":true,"href":"https:\/\/linitiative.ca\/International\/wp-json\/wp\/v2\/users\/1965"}],"replies":[{"embeddable":true,"href":"https:\/\/linitiative.ca\/International\/wp-json\/wp\/v2\/comments?post=143292"}],"version-history":[{"count":0,"href":"https:\/\/linitiative.ca\/International\/wp-json\/wp\/v2\/posts\/143292\/revisions"}],"wp:attachment":[{"href":"https:\/\/linitiative.ca\/International\/wp-json\/wp\/v2\/media?parent=143292"}],"wp:term":[{"taxonomy":"category","embeddable":true,"href":"https:\/\/linitiative.ca\/International\/wp-json\/wp\/v2\/categories?post=143292"},{"taxonomy":"post_tag","embeddable":true,"href":"https:\/\/linitiative.ca\/International\/wp-json\/wp\/v2\/tags?post=143292"}],"curies":[{"name":"wp","href":"https:\/\/api.w.org\/{rel}","templated":true}]}}