{"id":143294,"date":"2022-03-16T12:21:26","date_gmt":"2022-03-16T16:21:26","guid":{"rendered":"https:\/\/linitiative.ca\/International\/cemac-un-cadre-de-concertation-pour-les-tresors-publics-voit-le-jour\/"},"modified":"2022-03-16T12:21:26","modified_gmt":"2022-03-16T16:21:26","slug":"cemac-un-cadre-de-concertation-pour-les-tresors-publics-voit-le-jour","status":"publish","type":"post","link":"https:\/\/linitiative.ca\/International\/cemac-un-cadre-de-concertation-pour-les-tresors-publics-voit-le-jour\/","title":{"rendered":"Cemac\u00a0: un cadre de concertation pour les tr\u00e9sors publics voit le jour"},"content":{"rendered":"<div>\n<p>Autour du camerounais Samuel Tela, directeur de la Tr\u00e9sorerie au minist\u00e8re des Finances, et Pr\u00e9sident du Comit\u00e9 permanent de concertation des Tr\u00e9sors publics de la Cemac (CPC-Cemac), \u00e9taient pr\u00e9sents Raymond Yoka-Ikama du Tr\u00e9sor du Congo, Denise Hora Tombidam, de la Centrafrique, Georgette Oko Z\u2019Eyang du Gabon, Benjamin Abaga Nchama, de la Guin\u00e9e \u00c9quatoriale, et Doumde Monhassengar, du Tr\u00e9sor public Tchadien. Tous sont membres du nouveau cadre de concertation cr\u00e9\u00e9 par la Banque des Etats de l\u2019Afrique centrale (BEAC), par une instruction du 18 novembre 2021 du Gouverneur de la Beac, Abbas Mahamat Tolli.<\/p>\n<p><strong>Respect du cahier de charges<\/strong><\/p>\n<p>D\u2019apr\u00e8s ce texte, le Cadre de concertation r\u00e9gional est une tribune de discussion des questions relatives au d\u00e9veloppement du march\u00e9 des valeurs du Tr\u00e9sor de la Cemac, ainsi que de partage d\u2019exp\u00e9riences en mati\u00e8re d\u2019\u00e9laboration du plan annuel de tr\u00e9sorerie et de la strat\u00e9gie d\u2019\u00e9mission des valeurs du Tr\u00e9sor, de pr\u00e9paration et de mise en \u0153uvre du calendrier des \u00e9missions, puis d\u2019animation du r\u00e9seau des Sp\u00e9cialistes en valeurs du Tr\u00e9sor. La session inaugurale du comit\u00e9 permanent de concertation des Tr\u00e9sors publics de la Cemac marque en effet un tournant d\u00e9cisif dans le march\u00e9 des valeurs du Tr\u00e9sor dans la sous-r\u00e9gion. Concernant pr\u00e9cis\u00e9ment la rationalisation des interventions des 6 pays de la Cemac, et la mise en ad\u00e9quation des outils de financements respectifs des \u00c9tats avec leurs besoins r\u00e9els: \u00abIl s\u2019agit de veiller \u00e0 ce que pour chaque \u00c9tat, les besoins \u00e0 financer puissent d\u00e9couler essentiellement de la loi des finances, les montants sollicit\u00e9s par \u00e9mission puissent \u00eatre enti\u00e8rement couverts, le co\u00fbt moyen des financements soit toujours minimis\u00e9, la maturit\u00e9 moyenne du portefeuille de dette par le march\u00e9 soit allong\u00e9e, et la soutenabilit\u00e9 de la dette publique soit assur\u00e9e en tout temps\u00bb, s\u2019est exprim\u00e9 Samuel Tela.<\/p>\n<p><strong>Lire aussi<\/strong> : <strong><a href=\"https:\/\/ecomatin.net\/titres-publics-du-cameroun-societe-generale-sacree-meilleur-svt-en-2021\/\">Titres publics du Cameroun : Soci\u00e9t\u00e9 g\u00e9n\u00e9rale sacr\u00e9e meilleur SVT en 2021<\/a><\/strong><\/p>\n<p>Le CPC-Cemac permettra d\u2019am\u00e9liorer l\u2019\u00e9laboration des plans annuels de tr\u00e9sorerie et des strat\u00e9gies d\u2019\u00e9mission des valeurs du Tr\u00e9sor, am\u00e9liorer la pr\u00e9paration et la mise en \u0153uvre des programmes annuels de financement et des calendriers trimestriels d\u2019\u00e9missions des valeurs du Tr\u00e9sor, et renforcer l\u2019observation par tous les \u00c9tats des dispositions du r\u00e8glement Cemac relatif aux valeurs du Tr\u00e9sor \u00e9mises dans la Cemac et des proc\u00e9dures y relatives. Autre avantage du CPC-Cemac, c\u2019est la promotion du respect du cahier des charges des Sp\u00e9cialistes en valeurs du Tr\u00e9sor (SVT), la consolidation de la viabilit\u00e9 de la dette publique, et une meilleure gestion des risques li\u00e9s aux activit\u00e9s des \u00e9metteurs souverains.<\/p>\n<p><strong>Rationalisation<\/strong><\/p>\n<p>\u00a0Les autorit\u00e9s mon\u00e9taires et les responsables des administrations de gestion de la dette souveraine ont relev\u00e9 une absence de communication entre les \u00c9tats qui interviennent pourtant sur le m\u00eame march\u00e9. \u00ab Il y a eu une r\u00e9organisation des jours d\u2019intervention. Tous les Tr\u00e9sors publics intervenaient le mercredi. Avec la r\u00e9forme, on a institu\u00e9 trois jours d\u2019ouverture du march\u00e9 et chaque groupe de pays intervient lundi, mardi et mercredi \u00bb, indique le pr\u00e9sident du CPC-CEMAC. Pour l\u2019ann\u00e9e 2022, la strat\u00e9gie d\u2019\u00e9mission de titres publics des pays de l\u2019Afrique centrale est assez diversifi\u00e9e. Le Gabon sollicite une enveloppe de 736 milliards de FCFA. Le Cameroun 350 milliards de FCFA, et le Congo, 10 milliards de FCFA.<\/p>\n<p><strong>Lire aussi<\/strong> : <strong><a href=\"https:\/\/ecomatin.net\/titres-publics-du-cameroun-n-scb-decroche-le-prix-de-linnovation-2021\/\">Titres publics du Cameroun\u00a0:\u00a0SCB d\u00e9croche le prix de l\u2019innovation 2021<\/a><\/strong><\/p>\n<p>Les modules de la session inaugurale de Douala articul\u00e9s autour de th\u00e8mes pr\u00e9cis auront incontestablement un impact sur les prochaines interventions des \u00c9tats d\u2019Afrique centrale sur le march\u00e9 des titres publics (\u00e9volution du march\u00e9 des valeurs du Tr\u00e9sor de la Cemac, pr\u00e9requis pour des interventions efficientes de l\u2019\u00c9tat sur le march\u00e9 des valeurs du Tr\u00e9sor, rationalisation des interventions de l\u2019\u00c9tat etc.). Relevons que le CPC-Cemac si\u00e8ge quatre fois par an. Le secr\u00e9tariat de cette instance est assur\u00e9 par la Beac.<\/p>\n<p><strong>Lire aussi<\/strong> : <strong><a href=\"https:\/\/ecomatin.net\/titres-publics-apres-le-tchad-le-gabon-sollicite-les-investisseurs-camerounais-pour-lever-des-fonds-en-2022\/\">Titres publics\u00a0: apr\u00e8s le Tchad, le Gabon sollicite les investisseurs camerounais pour lever des fonds en 2022<\/a><\/strong><\/p>\n<p>L\u2019article <a rel=\"nofollow\" href=\"https:\/\/ecomatin.net\/cemac-un-cadre-de-concertation-pour-les-tresors-s-publics-voit-le-jour\/\">Cemac\u00a0: un cadre de concertation pour les tr\u00e9sors publics voit le jour<\/a> est apparu en premier sur <a rel=\"nofollow\" href=\"https:\/\/ecomatin.net\/\">EcoMatin<\/a>.<\/p>\n<\/div>\n<p>Auteur: Georges Semey<br \/>\n<a href=\"https:\/\/ecomatin.net\/cemac-un-cadre-de-concertation-pour-les-tresors-s-publics-voit-le-jour\/\">Cliquez ici pour lire l&rsquo;article depuis sa source.<\/a><\/p>\n","protected":false},"excerpt":{"rendered":"<p>Autour du camerounais Samuel Tela, directeur de la Tr\u00e9sorerie au minist\u00e8re des Finances, et Pr\u00e9sident du Comit\u00e9 permanent de concertation des Tr\u00e9sors publics de la Cemac (CPC-Cemac), \u00e9taient pr\u00e9sents Raymond Yoka-Ikama du Tr\u00e9sor du Congo, Denise Hora Tombidam, de la Centrafrique, Georgette Oko Z\u2019Eyang du Gabon, Benjamin Abaga Nchama, de la Guin\u00e9e \u00c9quatoriale, et Doumde [&hellip;]<\/p>\n","protected":false},"author":1969,"featured_media":0,"comment_status":"closed","ping_status":"closed","sticky":false,"template":"","format":"standard","meta":{"fifu_image_url":"","fifu_image_alt":"","footnotes":""},"categories":[82,78],"tags":[],"class_list":["post-143294","post","type-post","status-publish","format-standard","hentry","category-cameroun","category-economie"],"_links":{"self":[{"href":"https:\/\/linitiative.ca\/International\/wp-json\/wp\/v2\/posts\/143294","targetHints":{"allow":["GET"]}}],"collection":[{"href":"https:\/\/linitiative.ca\/International\/wp-json\/wp\/v2\/posts"}],"about":[{"href":"https:\/\/linitiative.ca\/International\/wp-json\/wp\/v2\/types\/post"}],"author":[{"embeddable":true,"href":"https:\/\/linitiative.ca\/International\/wp-json\/wp\/v2\/users\/1969"}],"replies":[{"embeddable":true,"href":"https:\/\/linitiative.ca\/International\/wp-json\/wp\/v2\/comments?post=143294"}],"version-history":[{"count":0,"href":"https:\/\/linitiative.ca\/International\/wp-json\/wp\/v2\/posts\/143294\/revisions"}],"wp:attachment":[{"href":"https:\/\/linitiative.ca\/International\/wp-json\/wp\/v2\/media?parent=143294"}],"wp:term":[{"taxonomy":"category","embeddable":true,"href":"https:\/\/linitiative.ca\/International\/wp-json\/wp\/v2\/categories?post=143294"},{"taxonomy":"post_tag","embeddable":true,"href":"https:\/\/linitiative.ca\/International\/wp-json\/wp\/v2\/tags?post=143294"}],"curies":[{"name":"wp","href":"https:\/\/api.w.org\/{rel}","templated":true}]}}