{"id":143301,"date":"2022-03-17T08:16:18","date_gmt":"2022-03-17T12:16:18","guid":{"rendered":"https:\/\/linitiative.ca\/International\/barrage-coupe-du-monde-2022-le-gouvernement-soutient-lequipe-nationale-lors-des-matchs-decisifs-face-a-la-rd-congo\/"},"modified":"2022-03-17T08:16:18","modified_gmt":"2022-03-17T12:16:18","slug":"barrage-coupe-du-monde-2022-le-gouvernement-soutient-lequipe-nationale-lors-des-matchs-decisifs-face-a-la-rd-congo","status":"publish","type":"post","link":"https:\/\/linitiative.ca\/International\/barrage-coupe-du-monde-2022-le-gouvernement-soutient-lequipe-nationale-lors-des-matchs-decisifs-face-a-la-rd-congo\/","title":{"rendered":"Barrage Coupe du monde 2022: le gouvernement soutient l\u2019\u00e9quipe nationale lors des matchs d\u00e9cisifs face \u00e0 la RD Congo"},"content":{"rendered":"<div>\n<p><img loading=\"lazy\" decoding=\"async\" width=\"300\" height=\"153\" src=\"https:\/\/linitiative.ca\/International\/wp-content\/uploads\/sites\/23\/2022\/03\/equipe-maroc-300x153-1.jpg\" class=\"attachment-medium size-medium wp-post-image\" alt=\"\" srcset=\"https:\/\/linitiative.ca\/International\/wp-content\/uploads\/sites\/23\/2022\/03\/equipe-maroc-300x153-1.jpg 300w, https:\/\/aujourdhui.ma\/wp-content\/uploads\/2021\/11\/equipe-maroc-274x140.jpg 274w, https:\/\/aujourdhui.ma\/wp-content\/uploads\/2021\/11\/equipe-maroc.jpg 746w, https:\/\/aujourdhui.ma\/wp-content\/uploads\/2021\/11\/equipe-maroc-165x84.jpg 165w, https:\/\/aujourdhui.ma\/wp-content\/uploads\/2021\/11\/equipe-maroc-702x358.jpg 702w\" sizes=\"auto, (max-width: 300px) 100vw, 300px\"><\/p>\n<p><span style=\"font-size: 20px; color: #800000;\"><strong>Le Chef du gouvernement Aziz Akhannouch a exprim\u00e9, jeudi, le soutien de son Cabinet \u00e0 l\u2019\u00e9quipe nationale de football lors de ses deux prochains matchs d\u00e9cisifs face \u00e0 la RD Congo, dans le cadre des barrages de la Coupe du monde Qatar 2022.<\/strong><\/span><span id=\"more-402708\"><\/span><\/p>\n<p>\u00ab\u00a0En tant que Chef du gouvernement, je ne puis qu\u2019exprimer, au nom de l\u2019ensemble des membres du Cabinet, notre soutien et notre appui \u00e0 la s\u00e9lection nationale lors des deux prochaines rencontres qu\u2019elle jouera face \u00e0 son homologue du RD Congo en aller-retour les 25 et 29 mars dans le cadre des \u00e9liminatoires de la Coupe du monde pr\u00e9vue cette ann\u00e9e au Qatar\u00a0\u00bb, a affirm\u00e9 M. Akhanouch \u00e0 l\u2019ouverture du Conseil du gouvernement.<\/p>\n<p>Il a \u00e9mis l\u2019espoir de voir la s\u00e9lection nationale composter le billet de sa 6\u00e8me qualification \u00e0 cette grand-messe footballistique mondiale, exprimant sa confiance \u00ab\u00a0en cette jeune \u00e9quipe qui a sign\u00e9 un bon parcours durant la premi\u00e8re phase de ces \u00e9liminatoires\u00a0\u00bb.<\/p>\n<p>Il a soulign\u00e9 que \u00ab\u00a0toutes les composantes de cette \u00e9quipe ont administr\u00e9 la preuve de leur attachement \u00e0 la Patrie et de leur disposition \u00e0 d\u00e9fendre avec d\u00e9vouement ses couleurs et \u00e0 ne m\u00e9nager aucun effort pour repr\u00e9senter dignement le Maroc \u00e0 ce rendez-vous footballistique plan\u00e9taire\u00a0\u00bb.<\/p>\n<p>M. Akhannouch a indiqu\u00e9 que les pr\u00e9paratifs sont en cours au niveau du D\u00e9partement des sports et de la F\u00e9d\u00e9ration royale marocaine de football, en coordination notamment avec Royal Air Maroc, en vue d\u2019assurer l\u2019accompagnement par le public marocain de son \u00e9quipe nationale lors du match-aller pr\u00e9vu le 25 mars.<\/p>\n<p>Et de conclure que les Marocains \u00ab\u00a0se rallieront tous derri\u00e8re l\u2019\u00e9quipe nationale lors de ces deux rencontres d\u00e9cisives pour remporter la qualification \u00e0 la Coupe du monde Qatar 2022 \u00bb.<\/p>\n<\/div>\n<p>Auteur: ALM<br \/>\n<a href=\"https:\/\/aujourdhui.ma\/une\/barrage-coupe-du-monde-2022-le-gouvernement-soutient-lequipe-nationale-lors-des-matchs-decisifs-face-a-la-rd-congo\">Cliquez ici pour lire l&rsquo;article depuis sa source.<\/a><\/p>\n","protected":false},"excerpt":{"rendered":"<p>Le Chef du gouvernement Aziz Akhannouch a exprim\u00e9, jeudi, le soutien de son Cabinet \u00e0 l\u2019\u00e9quipe nationale de football lors de ses deux prochains matchs d\u00e9cisifs face \u00e0 la RD Congo, dans le cadre des barrages de la Coupe du monde Qatar 2022. \u00ab\u00a0En tant que Chef du gouvernement, je ne puis qu\u2019exprimer, au nom [&hellip;]<\/p>\n","protected":false},"author":1759,"featured_media":0,"comment_status":"closed","ping_status":"closed","sticky":false,"template":"","format":"standard","meta":{"fifu_image_url":"https:\/\/aujourdhui.ma\/wp-content\/uploads\/2021\/11\/equipe-maroc-300x153.jpg","fifu_image_alt":"Barrage Coupe du monde 2022: le gouvernement soutient l\u2019\u00e9quipe nationale lors des matchs d\u00e9cisifs face \u00e0 la RD Congo","footnotes":""},"categories":[73,54],"tags":[],"class_list":["post-143301","post","type-post","status-publish","format-standard","hentry","category-actualite","category-maroc"],"_links":{"self":[{"href":"https:\/\/linitiative.ca\/International\/wp-json\/wp\/v2\/posts\/143301","targetHints":{"allow":["GET"]}}],"collection":[{"href":"https:\/\/linitiative.ca\/International\/wp-json\/wp\/v2\/posts"}],"about":[{"href":"https:\/\/linitiative.ca\/International\/wp-json\/wp\/v2\/types\/post"}],"author":[{"embeddable":true,"href":"https:\/\/linitiative.ca\/International\/wp-json\/wp\/v2\/users\/1759"}],"replies":[{"embeddable":true,"href":"https:\/\/linitiative.ca\/International\/wp-json\/wp\/v2\/comments?post=143301"}],"version-history":[{"count":0,"href":"https:\/\/linitiative.ca\/International\/wp-json\/wp\/v2\/posts\/143301\/revisions"}],"wp:attachment":[{"href":"https:\/\/linitiative.ca\/International\/wp-json\/wp\/v2\/media?parent=143301"}],"wp:term":[{"taxonomy":"category","embeddable":true,"href":"https:\/\/linitiative.ca\/International\/wp-json\/wp\/v2\/categories?post=143301"},{"taxonomy":"post_tag","embeddable":true,"href":"https:\/\/linitiative.ca\/International\/wp-json\/wp\/v2\/tags?post=143301"}],"curies":[{"name":"wp","href":"https:\/\/api.w.org\/{rel}","templated":true}]}}