{"id":143312,"date":"2022-03-16T14:00:00","date_gmt":"2022-03-16T18:00:00","guid":{"rendered":"https:\/\/linitiative.ca\/International\/opaque-comme-un-camembert\/"},"modified":"2022-03-16T14:00:00","modified_gmt":"2022-03-16T18:00:00","slug":"opaque-comme-un-camembert","status":"publish","type":"post","link":"https:\/\/linitiative.ca\/International\/opaque-comme-un-camembert\/","title":{"rendered":"Opaque comme un camembert"},"content":{"rendered":"<div>\n<p class=\"has-black-color has-text-color\"><strong>La conjoncture, de par le monde, n\u2019est pas simple et toute personne, par son libre arbitre, en est consciente. C\u2019est dans ces moments de difficult\u00e9s, o\u00f9 l\u2019\u00e9vidence n\u2019est pas aussi claire qu\u2019il ne semble, que le politique montre de quoi il est capable. Par ses diverses actions, il maintient l\u2019\u00e9quilibre dans la soci\u00e9t\u00e9 dans son d\u00e9veloppement interne et dans ses rapports \u00e0 d\u2019autres entit\u00e9s externes.<\/strong><\/p>\n<p class=\"has-black-color has-text-color\">Les r\u00e9ajustements n\u00e9cessaires aux variables constituent, de ce fait, une affaire publique et rel\u00e8vent du politique qui doit en d\u00e9cider la mesure, en expliquer la teneur et en d\u00e9cr\u00e9ter l\u2019application conform\u00e9ment aux dispositions institutionnelles. C\u2019est ce qui s\u2019observe de par le monde gr\u00e2ce \u00e0 l\u2019\u00e9largissement m\u00e9diatique.\u00a0<\/p>\n<p class=\"has-black-color has-text-color\">Dans notre beau pays, l\u2019ensemble des acteurs socio\u00e9conomiques et politiques, ainsi que la population,sont avides de comprendre les d\u00e9terminants et les aboutissants qui r\u00e9gissent la vie quotidienne des marocain(e)s. Ils se trouventfroiss\u00e9s, dans leur majorit\u00e9,par les brimades cons\u00e9quentes \u00e0 l\u2019opacit\u00e9 qui caract\u00e9rise l\u2019action gouvernementale.<\/p>\n<p class=\"has-black-color has-text-color\">Certes, la d\u00e9gradation du rapport au politique dans notre soci\u00e9t\u00e9 n\u2019est pas chose nouvelle\u00a0; elle date. Cependant, l\u2019adoption r\u00e9f\u00e9rentielle du rapport de la Commission Sp\u00e9ciale sur le Mod\u00e8le de D\u00e9veloppement, la mise en place du gouvernement actuel qui dispose d\u2019une majorit\u00e9 certaine au sein du parlement, les d\u00e9clarations et les promesses des constituants de cette majorit\u00e9 lors de la campagne \u00e9lectorale pr\u00e9c\u00e9dente, ont laiss\u00e9 supposer un \u00e9claircissement du smogpolitique ayant pr\u00e9valu ant\u00e9rieurement.Le constat est, pour le moins que l\u2019on puisse dire, d\u00e9cevant.<\/p>\n<p class=\"has-black-color has-text-color\">Il est inutile de chercher des raisons \u00e0 cette opacit\u00e9 dans l\u2019actualit\u00e9 mondiale et les cons\u00e9quences de la pand\u00e9mie, car les contraintes impos\u00e9es par la situation conflictuelle en Ukraine et les effets de la crise sanitaire ont donn\u00e9 \u00e0 la souverainet\u00e9 une autre appr\u00e9ciation dans cette \u00ab\u00a0interconnexion dans les politiques et l\u2019organisation de la s\u00e9curit\u00e9, dans l\u2019\u00e9conomie et le bien\u00eatre, dans la culture, l\u2019\u00e9cologie et des valeurs de tout genre.\u00a0\u00bb.<\/p>\n<p class=\"has-black-color has-text-color\">Les exigences de l\u2019\u00e9mergence imposent \u00e0 l\u2019Etat un r\u00f4le plus que r\u00e9gulateur pour assurer la d\u00e9fense de l\u2019int\u00e9grit\u00e9 territoriale, la s\u00e9curit\u00e9 \u00e9nerg\u00e9tique, l\u2019\u00e9quilibre mon\u00e9taire, la s\u00e9curit\u00e9 alimentaire, la consolidation de l\u2019\u00e9conomie nationale, la consolidation du processus d\u00e9mocratique dans tous ses aspects et particuli\u00e8rement par la mise en \u0153uvre d\u2019une politique sociale \u00e0 m\u00eame de r\u00e9pandre le bien\u00eatre au sein de la population dans le respect de son environnement et des valeurs fondamentales du royaume.<\/p>\n<p class=\"has-black-color has-text-color\">Il ne s\u2019agit pas de jouer au pompier pyromane pour r\u00e9duire l\u2019effet brulant de la hausse des prix des hydrocarbures sur les transporteurs tout \u00ab\u00a0en laissant faire le march\u00e9\u00a0\u00bb qui s\u2019enflamme par ailleurs.Il s\u2019agit de prendre en consid\u00e9ration l\u2019ensemble des param\u00e8tres qui influencent le pouvoir d\u2019achat de la population et d\u2019agir pour le pr\u00e9server, faute de pouvoir l\u2019am\u00e9liorer.<\/p>\n<p class=\"has-black-color has-text-color\">Les annonces sur l\u2019approvisionnement des march\u00e9s, la lutte contre les sp\u00e9culations et le contr\u00f4le contre les fraudes sont rituelles \u00e0 l\u2019approche du mois de Ramadan. Comme il est de coutume, en ces jours, de voir apparaitre sur les chaines de t\u00e9l\u00e9vision les brigades de contr\u00f4le agir \u00e0 cet effet.<\/p>\n<p class=\"has-black-color has-text-color\">Certes, l\u2019envol\u00e9e des prix \u00e0 la consommation est aussi en relation \u00ab\u00a0avec ce qui se passe dans le monde\u00a0\u00bb. On ne peut se suffire de cette lapalissade pour r\u00e9pondre aux attentes de la population qui souffre de tous les impacts sur le syst\u00e8me.Le rench\u00e9rissement des prix des denr\u00e9es de premi\u00e8re n\u00e9cessit\u00e9 est un facteur de tension qu\u2019il faut compenser non seulement par des interventions politiques mais aussi par des mesures socio\u00e9conomiques limitant les effets de la crise sur les m\u00e9nages et pr\u00e9servant la paix sociale. Ne pas se suffire de propos, de promesses et de v\u0153ux et attendre que cela passe. Agir dans la transparence pour que l\u2019ensemble de la soci\u00e9t\u00e9 soit \u00e9clair\u00e9 sur le r\u00f4le du politique et de son efficacit\u00e9.\u00a0<\/p>\n<p class=\"has-black-color has-text-color\">L\u2019hooliganisme, qui se r\u00e9pand comme un feu de paille, n\u2019est pas tomb\u00e9 du ciel avec les derni\u00e8res pluies. Il faut bien se r\u00e9soudre qu\u2019il est produit par cette opacit\u00e9 sociale dont se trouve la jeunesse. Ni \u00e9ducation, ni formation, ni sport, ni emploi, une partie de la jeunesse est d\u00e9sempar\u00e9e. Elle s\u2019adonne \u00e0 la violence contre elle-m\u00eame et contre les biens publics pour se d\u00e9fouler, attirer l\u2019attention sur elle et crier sa mis\u00e8re. La r\u00e9pression de cette d\u00e9linquance est n\u00e9cessaire mais non suffisante. Il faut l\u00e0 aussi \u00e9largir l\u2019horizon de la jeunesse dans le cadre d\u2019un projet de soci\u00e9t\u00e9 \u00e9mancipateur et mobilisateur. Investir ce capital humain pour en tirer b\u00e9n\u00e9fice pour l\u2019ensemble de la soci\u00e9t\u00e9 et pour son avenir. Les jeunes ne comprennent pas, \u00e0 raison, l\u2019approfondissement des in\u00e9galit\u00e9s sociales et l\u2019\u00e9troitesse des voies qui leurs sont offertes alors que le pays se transforme. Des milliards de b\u00e9n\u00e9fice pour quelques personnes et z\u00e9ro dirham dans la poche est un constat flippant.<\/p>\n<p class=\"has-black-color has-text-color\">Gagner l\u2019enjeu \u00e9lectoral, constituer un gouvernement avec la participation d\u2019un minimum de partis politiques, b\u00e9n\u00e9ficier d\u2019une majorit\u00e9 dans les institutions et les collectivit\u00e9s territoriales ne conduisent pas \u00e0 accumuler des richesses pour soi et formuler des v\u0153ux pour les autres. Cela implique d\u2019assumer ses responsabilit\u00e9s pour am\u00e9liorer le sort de la majorit\u00e9 de la population quelles que soient les conditions internes et externes qui l\u2019entourent\u00a0; et ce, \u00ab\u00a0dans le cadre d\u2019une concertation \u00e9thique et citoyenne constante\u00a0\u00bb comme disait l\u2019autre.<\/p>\n<p>L\u2019article <a rel=\"nofollow\" href=\"http:\/\/albayane.press.ma\/opaque-comme-un-camembert.html\">Opaque comme un camembert<\/a> est apparu en premier sur <a rel=\"nofollow\" href=\"http:\/\/albayane.press.ma\/\">ALBAYANE<\/a>.<\/p>\n<\/div>\n<p>Auteur: M&rsquo;hammed rahal<br \/>\n<a href=\"http:\/\/albayane.press.ma\/opaque-comme-un-camembert.html\">Cliquez ici pour lire l&rsquo;article depuis sa source.<\/a><\/p>\n","protected":false},"excerpt":{"rendered":"<p>La conjoncture, de par le monde, n\u2019est pas simple et toute personne, par son libre arbitre, en est consciente. C\u2019est dans ces moments de difficult\u00e9s, o\u00f9 l\u2019\u00e9vidence n\u2019est pas aussi claire qu\u2019il ne semble, que le politique montre de quoi il est capable. Par ses diverses actions, il maintient l\u2019\u00e9quilibre dans la soci\u00e9t\u00e9 dans son [&hellip;]<\/p>\n","protected":false},"author":1760,"featured_media":0,"comment_status":"closed","ping_status":"closed","sticky":false,"template":"","format":"standard","meta":{"fifu_image_url":"","fifu_image_alt":"","footnotes":""},"categories":[73,54],"tags":[],"class_list":["post-143312","post","type-post","status-publish","format-standard","hentry","category-actualite","category-maroc"],"_links":{"self":[{"href":"https:\/\/linitiative.ca\/International\/wp-json\/wp\/v2\/posts\/143312","targetHints":{"allow":["GET"]}}],"collection":[{"href":"https:\/\/linitiative.ca\/International\/wp-json\/wp\/v2\/posts"}],"about":[{"href":"https:\/\/linitiative.ca\/International\/wp-json\/wp\/v2\/types\/post"}],"author":[{"embeddable":true,"href":"https:\/\/linitiative.ca\/International\/wp-json\/wp\/v2\/users\/1760"}],"replies":[{"embeddable":true,"href":"https:\/\/linitiative.ca\/International\/wp-json\/wp\/v2\/comments?post=143312"}],"version-history":[{"count":0,"href":"https:\/\/linitiative.ca\/International\/wp-json\/wp\/v2\/posts\/143312\/revisions"}],"wp:attachment":[{"href":"https:\/\/linitiative.ca\/International\/wp-json\/wp\/v2\/media?parent=143312"}],"wp:term":[{"taxonomy":"category","embeddable":true,"href":"https:\/\/linitiative.ca\/International\/wp-json\/wp\/v2\/categories?post=143312"},{"taxonomy":"post_tag","embeddable":true,"href":"https:\/\/linitiative.ca\/International\/wp-json\/wp\/v2\/tags?post=143312"}],"curies":[{"name":"wp","href":"https:\/\/api.w.org\/{rel}","templated":true}]}}