{"id":143313,"date":"2022-03-16T14:00:00","date_gmt":"2022-03-16T18:00:00","guid":{"rendered":"https:\/\/linitiative.ca\/International\/la-guerre-des-stades\/"},"modified":"2022-03-16T14:00:00","modified_gmt":"2022-03-16T18:00:00","slug":"la-guerre-des-stades","status":"publish","type":"post","link":"https:\/\/linitiative.ca\/International\/la-guerre-des-stades\/","title":{"rendered":"La guerre des stades !"},"content":{"rendered":"<div>\n<p class=\"has-black-color has-text-color\"><strong>On reviendra encore une fois aux \u00e9v\u00e9nements tristes qui ont fait et continue de faire couler\u00a0 beaucoup d\u2019encre, dimanche dernier, suite \u00e0 l\u2019op\u00e9ration vile de vandalisme, perp\u00e9tr\u00e9e dans l\u2019enceinte de l\u2019ensemble sportif My Abdallah et hors du stade. Ces effarants incidents qui d\u00e9passent le registre strictement sportif pour tomber r\u00e9solument dans l\u2019extra-sportif, ont d\u00fb heurter et exasp\u00e9rer les grandes masses, \u00e0 partir des rapports photographiques, tout au long de deux jours d\u2019affil\u00e9e, au lendemain de ces horribles actes d\u2019extr\u00eame cynisme. De fil \u00e0 aiguille, on donnait libre court aux r\u00e9cits sur les horribles images au point de se croire \u00e0 un r\u00e9el affront guerrier entre arm\u00e9e lourdement \u00a0outill\u00e9e et milices d\u00e9cha\u00een\u00e9es, \u00e0 bout portant. Il y a donc bel et bien, un fil conducteur de ce d\u00e9rapage d\u00e9solant qui rel\u00e8verait, non pas de simple r\u00e9action \u00e0 une d\u00e9faite \u00e0 domicile, mais de riposte vindicative dont l\u2019essence est \u00e0 voir ailleurs. Sans pr\u00e9tendre tenir un discours de sociologie de masse ou psychologie juv\u00e9nile, il va sans dire que ce qui s\u2019est op\u00e9r\u00e9 dans l\u2019aire de football \u00e0 Rabat, devrait aussi faire l\u2019objet d\u2019analyse politique, tout en s\u2019appuyant sur l\u2019une et l\u2019autre des sciences sus mentionn\u00e9es. Il est bien clair que l\u2019explication du lynchage survolt\u00e9 des assaillants, pour la plupart de bas \u00e2ge, se r\u00e9sume en l\u2019\u00e9tat aussi bien moral que social auquel s\u2019\u00e9bat la jeunesse des quartiers \u00e9gar\u00e9s dans les d\u00e9dales de l\u2019exclusion et de la mis\u00e8re. \u00abLa foule est m\u00e9chante\u00a0!\u00bb, disait ainsi Voltaire dans l\u2019un de ses illustres essais, ce qui traduit fortement cette excitation r\u00e9voltante dont l\u2019\u00e9nergie n\u00e9gative \u00e9manait justement de la ruade revancharde vis-\u00e0-vis de la propri\u00e9t\u00e9 priv\u00e9e d\u2019autrui incarnant pour elle, la raison de ses malheurs. Ce cumul des sentiments de haine et de ressentiment ne se r\u00e9soudrait pas par la r\u00e9pression punitive, aussi brutale soit-elle, mais sans doute, au-del\u00e0 du \u00ab\u00a0rem\u00e8de\u00a0\u00bb sanctionnant de la r\u00e9primande, le rel\u00e8vement de la condition sociale, la refonte de l\u2019\u00e9cole publique, l\u2019int\u00e9gration d\u00e9cente dans l\u2019univers de l\u2019emploi, le logement idoine dans un cadre agr\u00e9able, le rehaussement des supports de culture, de cr\u00e9ation et d\u2019\u00e9panouissement\u2026Il est vrai que le ph\u00e9nom\u00e8ne du houliganisme n\u2019est pas l\u2019apanage exclusif des pays pauvres ou \u00e9mergents, mais initialement mis en avant dans les stades anglo-saxons pour protester contre l\u2019arbitraire \u00e9troitement sportif. Mais, le n\u00f4tre rev\u00eat un caract\u00e8re plut\u00f4t revendicatif \u00e0 la vie digne, au devenir salutaire et au bout du tunnel. Il fallait alors s\u2019en rendre compte aux messages d\u2019alerte prof\u00e9r\u00e9s sur les gradins par les ultras, fustigeant l\u2019injustice, l\u2019abandon et le pourrissement de leur existence. Il fallait anticiper sur ces sonnettes d\u2019alarme pour leur assouvir les attentes, subvenir \u00e0 leurs besoins et transcender leurs contraintes \u00e0 travers une politique publique de confiance et d\u2019espoir\u00a0!\u00a0 \u00a0\u00a0\u00a0\u00a0\u00a0\u00a0\u00a0\u00a0\u00a0\u00a0\u00a0\u00a0\u00a0\u00a0\u00a0\u00a0\u00a0\u00a0\u00a0\u00a0\u00a0\u00a0\u00a0\u00a0\u00a0\u00a0\u00a0\u00a0\u00a0<\/strong><\/p>\n<p>L\u2019article <a rel=\"nofollow\" href=\"http:\/\/albayane.press.ma\/la-guerre-des-stades.html\">La guerre des stades !<\/a> est apparu en premier sur <a rel=\"nofollow\" href=\"http:\/\/albayane.press.ma\/\">ALBAYANE<\/a>.<\/p>\n<\/div>\n<p>Auteur: M&rsquo;hammed rahal<br \/>\n<a href=\"http:\/\/albayane.press.ma\/la-guerre-des-stades.html\">Cliquez ici pour lire l&rsquo;article depuis sa source.<\/a><\/p>\n","protected":false},"excerpt":{"rendered":"<p>On reviendra encore une fois aux \u00e9v\u00e9nements tristes qui ont fait et continue de faire couler\u00a0 beaucoup d\u2019encre, dimanche dernier, suite \u00e0 l\u2019op\u00e9ration vile de vandalisme, perp\u00e9tr\u00e9e dans l\u2019enceinte de l\u2019ensemble sportif My Abdallah et hors du stade. Ces effarants incidents qui d\u00e9passent le registre strictement sportif pour tomber r\u00e9solument dans l\u2019extra-sportif, ont d\u00fb heurter [&hellip;]<\/p>\n","protected":false},"author":1760,"featured_media":0,"comment_status":"closed","ping_status":"closed","sticky":false,"template":"","format":"standard","meta":{"fifu_image_url":"","fifu_image_alt":"","footnotes":""},"categories":[73,54],"tags":[],"class_list":["post-143313","post","type-post","status-publish","format-standard","hentry","category-actualite","category-maroc"],"_links":{"self":[{"href":"https:\/\/linitiative.ca\/International\/wp-json\/wp\/v2\/posts\/143313","targetHints":{"allow":["GET"]}}],"collection":[{"href":"https:\/\/linitiative.ca\/International\/wp-json\/wp\/v2\/posts"}],"about":[{"href":"https:\/\/linitiative.ca\/International\/wp-json\/wp\/v2\/types\/post"}],"author":[{"embeddable":true,"href":"https:\/\/linitiative.ca\/International\/wp-json\/wp\/v2\/users\/1760"}],"replies":[{"embeddable":true,"href":"https:\/\/linitiative.ca\/International\/wp-json\/wp\/v2\/comments?post=143313"}],"version-history":[{"count":0,"href":"https:\/\/linitiative.ca\/International\/wp-json\/wp\/v2\/posts\/143313\/revisions"}],"wp:attachment":[{"href":"https:\/\/linitiative.ca\/International\/wp-json\/wp\/v2\/media?parent=143313"}],"wp:term":[{"taxonomy":"category","embeddable":true,"href":"https:\/\/linitiative.ca\/International\/wp-json\/wp\/v2\/categories?post=143313"},{"taxonomy":"post_tag","embeddable":true,"href":"https:\/\/linitiative.ca\/International\/wp-json\/wp\/v2\/tags?post=143313"}],"curies":[{"name":"wp","href":"https:\/\/api.w.org\/{rel}","templated":true}]}}