{"id":143315,"date":"2022-03-17T08:27:56","date_gmt":"2022-03-17T12:27:56","guid":{"rendered":"https:\/\/linitiative.ca\/International\/vahid-devoile-sa-liste-sans-grande-surprise\/"},"modified":"2022-03-17T08:27:56","modified_gmt":"2022-03-17T12:27:56","slug":"vahid-devoile-sa-liste-sans-grande-surprise","status":"publish","type":"post","link":"https:\/\/linitiative.ca\/International\/vahid-devoile-sa-liste-sans-grande-surprise\/","title":{"rendered":"Vahid d\u00e9voile sa liste, sans grande surprise"},"content":{"rendered":"<div>\n<p class=\"has-text-align-center has-vivid-red-color has-text-color\"><strong>Lions de l\u2019Atlas<\/strong><\/p>\n<p class=\"has-text-align-right has-black-color has-text-color\"><strong>Oussama Zidouhia<\/strong><\/p>\n<p class=\"has-black-color has-text-color\"><strong>Comme \u00e0 l\u2019accoutum\u00e9e, la F\u00e9d\u00e9ration Royale Marocaine de Football a organis\u00e9 une conf\u00e9rence de presse, durant laquelle le s\u00e9lectionneur national Vahid Halilhodzi\u00e7 a d\u00e9voil\u00e9 la liste des joueurs s\u00e9lectionn\u00e9s pour prendre part aux deux matchs de barrages de la Coupe du monde 2022, face \u00e0 la R\u00e9publique D\u00e9mocratique du Congo.<\/strong><\/p>\n<p class=\"has-black-color has-text-color\">Le tacticien bosnien a profit\u00e9 de l\u2019organisation de cette conf\u00e9rence pour r\u00e9pondre \u00e0 plusieurs questions des journalistes pr\u00e9sents \u00e0 M\u00e2amoura. Tout d\u2019abord, le cas de Ziyech et Mazraoui, qui ont tous deux refus\u00e9 la convocation du s\u00e9lectionneur mettant dans l\u2019embarra le pr\u00e9sident de la FRMF, Fouzi Lekjaa, qui avait fait tout son possible afin de r\u00e9concilier les joueurs avec l\u2019entra\u00eeneur avant de partir \u00e0 Kinshasa.<\/p>\n<p class=\"has-black-color has-text-color\"><strong>Ziyech-Mazraoui<\/strong><\/p>\n<p class=\"has-black-color has-text-color\">\u00abJe parle souvent avec Lekjaa. Ziyech et Mazraoui \u00e9taient sur la liste. Ils ont fait le choix de refuser. On respect ce choix. Mais maintenant, c\u2019est fini. Je ne parlerais plus jamais d\u2019eux. Je me concentre sur mon groupe et les joueurs convoqu\u00e9s. Les gar\u00e7ons, je connais leur mentalit\u00e9. Il y a encore des joueurs qui ont refus\u00e9 de jouer pour le Maroc. Certains ont beaucoup de talent mais comment discuter avec des joueurs d\u00e9racin\u00e9 du pays et qui ont des agents qui emp\u00eachent les discussions. \u00bb<\/p>\n<p class=\"has-black-color has-text-color\"><strong>Les binationaux<\/strong><\/p>\n<p class=\"has-black-color has-text-color\">\u00ab Tu ne peux m\u00eame pas discuter avec ces jeunes joueurs. Ils sont dans la main d\u2019agents \u00e9trangers qui font tout pour que le joueur ne repr\u00e9sente pas le Maroc. C\u2019est tout leur entourage qui est comme \u00e7a. Il faut former une cellule pour discuter avec eux. \u00bb<\/p>\n<p class=\"has-black-color has-text-color\"><strong>Le match face \u00e0 la RDC<\/strong><\/p>\n<p class=\"has-black-color has-text-color\">\u00ab\u00a0Dans ma t\u00eate, j\u2019ai d\u00e9j\u00e0 l\u2019organisation du match \u00e0 Kinshasa et celui de Casa. C\u2019est \u00e0 partir de \u00e7a que je compose mon groupe, surtout en attaque. J\u2019ai plusieurs profils dans l\u2019axe et quelques un sur le couloir. Car je jouerais diff\u00e9remment ces matchs. Cuper (s\u00e9lectionneur de la RDC) est un entra\u00eeneur malin. Il sait pr\u00e9parer ce genre de match. J\u2019ai d\u00e9j\u00e0 vu plusieurs de ses \u00a0matchs avec la RDC. \u00c7a sera une rencontre particuli\u00e8re. On doit essayer d\u2019effacer leurs qualit\u00e9s et de jouer sur leurs d\u00e9fauts. C\u2019est une pr\u00e9paration particuli\u00e8re. \u00bb<\/p>\n<p class=\"has-black-color has-text-color\"><strong>La synergie du groupe marocain<\/strong><\/p>\n<p class=\"has-black-color has-text-color\">\u00ab Il faut cr\u00e9er une ambiance autour du groupe. Certains ne veulent pas venir. Merci mais le groupe est uni. Si quelqu\u2019un n\u2019est pas l\u00e0, tant pis. Le plus important est de cr\u00e9er une ambiance. C\u2019est pour cela qu\u2019on a choisi Casablanca aussi. \u00bb<\/p>\n<p class=\"has-black-color has-text-color\"><strong>La convocation de <a href=\"https:\/\/fr.wikipedia.org\/wiki\/Sofian_Chakla\" target=\"_blank\" rel=\"noreferrer noopener\">Sofian Chakla<\/a><\/strong><\/p>\n<p class=\"has-black-color has-text-color\">\u00abLe temps de jeu ? Entre mes d\u00e9buts et maintenant, il n\u2019y a rien \u00e0 voir. Dans toutes les s\u00e9lections, il y a des joueurs qui ne jouent pas en club. Hazard ne joue jamais au Real Madrid mais il est capitaine de la Belgique. Chakla, je connais ses qualit\u00e9s.\u00bb<\/p>\n<p class=\"has-black-color has-text-color\"><strong>La Coupe d\u2019Afrique des Nations<\/strong><\/p>\n<p class=\"has-black-color has-text-color\">\u00ab\u00a0\u00c0 un moment donn\u00e9 \u00e0 la CAN, j\u2019\u00e9tais m\u00eame sur qu\u2019on allait la gagner honn\u00eatement. Avec le recul, on a des joueurs qui ont rat\u00e9 le match. Je leur ai dit que sur les deux buts de l\u2019Egypte, c\u2019est un manque de rigueur et discipline.\u00a0\u00bb<\/p>\n<p class=\"has-black-color has-text-color\"><strong>Ci-dessous la liste des joueurs convoqu\u00e9s par Vahid Halilhodzic:<\/strong><\/p>\n<p class=\"has-black-color has-text-color\"><strong>Gardiens:<\/strong> Yassine Bounou, Ahmed Reda Tagnaouti, Munir Mohand Mohamedi.<\/p>\n<p class=\"has-black-color has-text-color\"><strong>D\u00e9fenseurs:<\/strong> Achraf Hakimi, Sofiane Alakouch, Adam Masina, Yahya Attiyat Allah, Jawad Yamiq, Sofian Chakla, Samy Maee, Romain Saiss, Nayef Aguerd<\/p>\n<p class=\"has-black-color has-text-color\"><strong>Milieux de terrain:<\/strong> Sofyan Amrabet, Fay\u00e7al Fajr, Yahya Jabrane, Imran louza, Selim Amallah, Ilias Chair, Azzedine Ounahi<\/p>\n<p class=\"has-black-color has-text-color\"><strong>Attaquants:<\/strong> Munir El Haddadi, Soufiane Boufal, Ryan Maee, Ayoub El Kaabi, Youssef En-Nesyri, Tarik Tissoudali, Abde Ezzalzouli.<\/p>\n<p>L\u2019article <a rel=\"nofollow\" href=\"http:\/\/albayane.press.ma\/vahid-devoile-sa-liste-sans-grande-surprise.html\">Vahid d\u00e9voile sa liste, sans grande surprise<\/a> est apparu en premier sur <a rel=\"nofollow\" href=\"http:\/\/albayane.press.ma\/\">ALBAYANE<\/a>.<\/p>\n<\/div>\n<p>Auteur: M&rsquo;hammed rahal<br \/>\n<a href=\"http:\/\/albayane.press.ma\/vahid-devoile-sa-liste-sans-grande-surprise.html\">Cliquez ici pour lire l&rsquo;article depuis sa source.<\/a><\/p>\n","protected":false},"excerpt":{"rendered":"<p>Lions de l\u2019Atlas Oussama Zidouhia Comme \u00e0 l\u2019accoutum\u00e9e, la F\u00e9d\u00e9ration Royale Marocaine de Football a organis\u00e9 une conf\u00e9rence de presse, durant laquelle le s\u00e9lectionneur national Vahid Halilhodzi\u00e7 a d\u00e9voil\u00e9 la liste des joueurs s\u00e9lectionn\u00e9s pour prendre part aux deux matchs de barrages de la Coupe du monde 2022, face \u00e0 la R\u00e9publique D\u00e9mocratique du Congo. [&hellip;]<\/p>\n","protected":false},"author":1760,"featured_media":0,"comment_status":"closed","ping_status":"closed","sticky":false,"template":"","format":"standard","meta":{"fifu_image_url":"","fifu_image_alt":"","footnotes":""},"categories":[73,54],"tags":[],"class_list":["post-143315","post","type-post","status-publish","format-standard","hentry","category-actualite","category-maroc"],"_links":{"self":[{"href":"https:\/\/linitiative.ca\/International\/wp-json\/wp\/v2\/posts\/143315","targetHints":{"allow":["GET"]}}],"collection":[{"href":"https:\/\/linitiative.ca\/International\/wp-json\/wp\/v2\/posts"}],"about":[{"href":"https:\/\/linitiative.ca\/International\/wp-json\/wp\/v2\/types\/post"}],"author":[{"embeddable":true,"href":"https:\/\/linitiative.ca\/International\/wp-json\/wp\/v2\/users\/1760"}],"replies":[{"embeddable":true,"href":"https:\/\/linitiative.ca\/International\/wp-json\/wp\/v2\/comments?post=143315"}],"version-history":[{"count":0,"href":"https:\/\/linitiative.ca\/International\/wp-json\/wp\/v2\/posts\/143315\/revisions"}],"wp:attachment":[{"href":"https:\/\/linitiative.ca\/International\/wp-json\/wp\/v2\/media?parent=143315"}],"wp:term":[{"taxonomy":"category","embeddable":true,"href":"https:\/\/linitiative.ca\/International\/wp-json\/wp\/v2\/categories?post=143315"},{"taxonomy":"post_tag","embeddable":true,"href":"https:\/\/linitiative.ca\/International\/wp-json\/wp\/v2\/tags?post=143315"}],"curies":[{"name":"wp","href":"https:\/\/api.w.org\/{rel}","templated":true}]}}