{"id":143318,"date":"2022-03-17T10:00:00","date_gmt":"2022-03-17T14:00:00","guid":{"rendered":"https:\/\/linitiative.ca\/International\/mali-procedure-engagee-pour-suspendre-la-diffusion-de-rfi-et-france-24\/"},"modified":"2022-03-17T10:00:00","modified_gmt":"2022-03-17T14:00:00","slug":"mali-procedure-engagee-pour-suspendre-la-diffusion-de-rfi-et-france-24","status":"publish","type":"post","link":"https:\/\/linitiative.ca\/International\/mali-procedure-engagee-pour-suspendre-la-diffusion-de-rfi-et-france-24\/","title":{"rendered":"Mali: proc\u00e9dure engag\u00e9e pour suspendre la diffusion de RFI et France 24"},"content":{"rendered":"<div>Les autorit\u00e9s de transition au Mali ont engag\u00e9, dans la nuit de mercredi \u00e0 jeudi, une proc\u00e9dure pour suspendre la diffusion de RFI et France 24 en raison de \u00ab\u00a0fausses all\u00e9gations d&rsquo;exactions commises par l&rsquo;arm\u00e9e malienne(&#8230;)\u00a0\u00bb<\/div>\n<p>Auteur:<br \/>\n<a href=\"https:\/\/www.liberte-algerie.com\/international\/mali-procedure-engagee-pour-suspendre-la-diffusion-de-rfi-et-france-24-375051\">Cliquez ici pour lire l&rsquo;article depuis sa source.<\/a><\/p>\n","protected":false},"excerpt":{"rendered":"<p>Les autorit\u00e9s de transition au Mali ont engag\u00e9, dans la nuit de mercredi \u00e0 jeudi, une proc\u00e9dure pour suspendre la diffusion de RFI et France 24 en raison de \u00ab\u00a0fausses all\u00e9gations d&rsquo;exactions commises par l&rsquo;arm\u00e9e malienne(&#8230;)\u00a0\u00bb Auteur: Cliquez ici pour lire l&rsquo;article depuis sa source.<\/p>\n","protected":false},"author":1742,"featured_media":0,"comment_status":"closed","ping_status":"closed","sticky":false,"template":"","format":"standard","meta":{"fifu_image_url":"","fifu_image_alt":"","footnotes":""},"categories":[73,53],"tags":[],"class_list":["post-143318","post","type-post","status-publish","format-standard","hentry","category-actualite","category-algerie"],"_links":{"self":[{"href":"https:\/\/linitiative.ca\/International\/wp-json\/wp\/v2\/posts\/143318","targetHints":{"allow":["GET"]}}],"collection":[{"href":"https:\/\/linitiative.ca\/International\/wp-json\/wp\/v2\/posts"}],"about":[{"href":"https:\/\/linitiative.ca\/International\/wp-json\/wp\/v2\/types\/post"}],"author":[{"embeddable":true,"href":"https:\/\/linitiative.ca\/International\/wp-json\/wp\/v2\/users\/1742"}],"replies":[{"embeddable":true,"href":"https:\/\/linitiative.ca\/International\/wp-json\/wp\/v2\/comments?post=143318"}],"version-history":[{"count":0,"href":"https:\/\/linitiative.ca\/International\/wp-json\/wp\/v2\/posts\/143318\/revisions"}],"wp:attachment":[{"href":"https:\/\/linitiative.ca\/International\/wp-json\/wp\/v2\/media?parent=143318"}],"wp:term":[{"taxonomy":"category","embeddable":true,"href":"https:\/\/linitiative.ca\/International\/wp-json\/wp\/v2\/categories?post=143318"},{"taxonomy":"post_tag","embeddable":true,"href":"https:\/\/linitiative.ca\/International\/wp-json\/wp\/v2\/tags?post=143318"}],"curies":[{"name":"wp","href":"https:\/\/api.w.org\/{rel}","templated":true}]}}