{"id":143319,"date":"2022-03-17T10:00:00","date_gmt":"2022-03-17T14:00:00","guid":{"rendered":"https:\/\/linitiative.ca\/International\/allegement-du-dispositif-relatif-aux-conditions-sanitaires-applicables-aux-voyageurs\/"},"modified":"2022-03-17T10:00:00","modified_gmt":"2022-03-17T14:00:00","slug":"allegement-du-dispositif-relatif-aux-conditions-sanitaires-applicables-aux-voyageurs","status":"publish","type":"post","link":"https:\/\/linitiative.ca\/International\/allegement-du-dispositif-relatif-aux-conditions-sanitaires-applicables-aux-voyageurs\/","title":{"rendered":"All\u00e8gement du dispositif relatif aux conditions sanitaires applicables aux voyageurs"},"content":{"rendered":"<div>Le dispositif sanitaire relatif aux conditions sanitaires applicables aux voyageurs au niveau des points d&rsquo;entr\u00e9e (a\u00e9roports, ports et fronti\u00e8res<br \/>\nterrestres) sur le territoire national sera all\u00e9g\u00e9 \u00e0 compter de dimanche prochain<\/div>\n<p>Auteur:<br \/>\n<a href=\"https:\/\/www.liberte-algerie.com\/actualite\/allegement-du-dispositif-relatif-aux-conditions-sanitaires-applicables-aux-voyageurs-375050\">Cliquez ici pour lire l&rsquo;article depuis sa source.<\/a><\/p>\n","protected":false},"excerpt":{"rendered":"<p>Le dispositif sanitaire relatif aux conditions sanitaires applicables aux voyageurs au niveau des points d&rsquo;entr\u00e9e (a\u00e9roports, ports et fronti\u00e8res terrestres) sur le territoire national sera all\u00e9g\u00e9 \u00e0 compter de dimanche prochain Auteur: Cliquez ici pour lire l&rsquo;article depuis sa source.<\/p>\n","protected":false},"author":1742,"featured_media":0,"comment_status":"closed","ping_status":"closed","sticky":false,"template":"","format":"standard","meta":{"fifu_image_url":"","fifu_image_alt":"","footnotes":""},"categories":[73,53],"tags":[],"class_list":["post-143319","post","type-post","status-publish","format-standard","hentry","category-actualite","category-algerie"],"_links":{"self":[{"href":"https:\/\/linitiative.ca\/International\/wp-json\/wp\/v2\/posts\/143319","targetHints":{"allow":["GET"]}}],"collection":[{"href":"https:\/\/linitiative.ca\/International\/wp-json\/wp\/v2\/posts"}],"about":[{"href":"https:\/\/linitiative.ca\/International\/wp-json\/wp\/v2\/types\/post"}],"author":[{"embeddable":true,"href":"https:\/\/linitiative.ca\/International\/wp-json\/wp\/v2\/users\/1742"}],"replies":[{"embeddable":true,"href":"https:\/\/linitiative.ca\/International\/wp-json\/wp\/v2\/comments?post=143319"}],"version-history":[{"count":0,"href":"https:\/\/linitiative.ca\/International\/wp-json\/wp\/v2\/posts\/143319\/revisions"}],"wp:attachment":[{"href":"https:\/\/linitiative.ca\/International\/wp-json\/wp\/v2\/media?parent=143319"}],"wp:term":[{"taxonomy":"category","embeddable":true,"href":"https:\/\/linitiative.ca\/International\/wp-json\/wp\/v2\/categories?post=143319"},{"taxonomy":"post_tag","embeddable":true,"href":"https:\/\/linitiative.ca\/International\/wp-json\/wp\/v2\/tags?post=143319"}],"curies":[{"name":"wp","href":"https:\/\/api.w.org\/{rel}","templated":true}]}}