{"id":143324,"date":"2022-03-17T10:54:19","date_gmt":"2022-03-17T14:54:19","guid":{"rendered":"https:\/\/linitiative.ca\/International\/hotellerie-soft-opening-du-pestana-cr7-de-marrakech\/"},"modified":"2022-03-17T10:54:19","modified_gmt":"2022-03-17T14:54:19","slug":"hotellerie-soft-opening-du-pestana-cr7-de-marrakech","status":"publish","type":"post","link":"https:\/\/linitiative.ca\/International\/hotellerie-soft-opening-du-pestana-cr7-de-marrakech\/","title":{"rendered":"H\u00f4tellerie: Soft-opening du Pestana CR7 de Marrakech"},"content":{"rendered":"<div>\n<div class=\"field field-name-body field-type-text-with-summary field-label-hidden\">\n<div class=\"field-items\">\n<div class=\"field-item even\" property=\"content:encoded\">\n<p class=\"rtejustify\">Le Groupe Pestana CR7 Lifestyle Hotels a annonc\u00e9 la pr\u00e9-ouverture du Pestana CR7 Marrakech, son premier h\u00f4tel au Maroc et le cinqui\u00e8me dans le monde. L\u2019\u00e9tablissement, implant\u00e9 au M Avenue, sur la nouvelle destination shopping et lifestyle de la ville touristique, <span style=\"text-align: justify;\">comprend 174 chambres. <\/span>L&rsquo;h\u00f4tel\u00a0abrite un centre d\u2019affaires, un spa et une salle de sport. Sur le toit de l\u2019h\u00f4tel se trouvent une piscine ext\u00e9rieure et un bar, tous deux offrant une vue panoramique sur les montagnes de l\u2019Atlas.<\/p>\n<\/div>\n<\/div>\n<\/div>\n<\/div>\n<p>Auteur: hgueye<br \/>\n<a href=\"https:\/\/www.leconomiste.com\/flash-infos\/hotellerie-soft-opening-du-pestana-cr7-de-marrakech\">Cliquez ici pour lire l&rsquo;article depuis sa source.<\/a><\/p>\n","protected":false},"excerpt":{"rendered":"<p>Le Groupe Pestana CR7 Lifestyle Hotels a annonc\u00e9 la pr\u00e9-ouverture du Pestana CR7 Marrakech, son premier h\u00f4tel au Maroc et le cinqui\u00e8me dans le monde. L\u2019\u00e9tablissement, implant\u00e9 au M Avenue, sur la nouvelle destination shopping et lifestyle de la ville touristique, comprend 174 chambres. L&rsquo;h\u00f4tel\u00a0abrite un centre d\u2019affaires, un spa et une salle de sport. [&hellip;]<\/p>\n","protected":false},"author":1763,"featured_media":0,"comment_status":"closed","ping_status":"closed","sticky":false,"template":"","format":"standard","meta":{"fifu_image_url":"","fifu_image_alt":"","footnotes":""},"categories":[78,54],"tags":[],"class_list":["post-143324","post","type-post","status-publish","format-standard","hentry","category-economie","category-maroc"],"_links":{"self":[{"href":"https:\/\/linitiative.ca\/International\/wp-json\/wp\/v2\/posts\/143324","targetHints":{"allow":["GET"]}}],"collection":[{"href":"https:\/\/linitiative.ca\/International\/wp-json\/wp\/v2\/posts"}],"about":[{"href":"https:\/\/linitiative.ca\/International\/wp-json\/wp\/v2\/types\/post"}],"author":[{"embeddable":true,"href":"https:\/\/linitiative.ca\/International\/wp-json\/wp\/v2\/users\/1763"}],"replies":[{"embeddable":true,"href":"https:\/\/linitiative.ca\/International\/wp-json\/wp\/v2\/comments?post=143324"}],"version-history":[{"count":0,"href":"https:\/\/linitiative.ca\/International\/wp-json\/wp\/v2\/posts\/143324\/revisions"}],"wp:attachment":[{"href":"https:\/\/linitiative.ca\/International\/wp-json\/wp\/v2\/media?parent=143324"}],"wp:term":[{"taxonomy":"category","embeddable":true,"href":"https:\/\/linitiative.ca\/International\/wp-json\/wp\/v2\/categories?post=143324"},{"taxonomy":"post_tag","embeddable":true,"href":"https:\/\/linitiative.ca\/International\/wp-json\/wp\/v2\/tags?post=143324"}],"curies":[{"name":"wp","href":"https:\/\/api.w.org\/{rel}","templated":true}]}}