{"id":143325,"date":"2022-03-17T11:07:05","date_gmt":"2022-03-17T15:07:05","guid":{"rendered":"https:\/\/linitiative.ca\/International\/lonssa-lance-loperation-de-vaccination-du-cheptel\/"},"modified":"2022-03-17T11:07:05","modified_gmt":"2022-03-17T15:07:05","slug":"lonssa-lance-loperation-de-vaccination-du-cheptel","status":"publish","type":"post","link":"https:\/\/linitiative.ca\/International\/lonssa-lance-loperation-de-vaccination-du-cheptel\/","title":{"rendered":"L\u2019ONSSA lance l\u2019op\u00e9ration de vaccination du cheptel"},"content":{"rendered":"<div>\n<div class=\"field field-name-body field-type-text-with-summary field-label-hidden\">\n<div class=\"field-items\">\n<div class=\"field-item even\" property=\"content:encoded\">\n<p class=\"rtejustify\">La campagne de vaccination du cheptel d\u00e9marre ce vendredi 18 mars, annonce l\u2019Office national de s\u00e9curit\u00e9 sanitaire des produits alimentaires (ONSSA). Cette op\u00e9ration de rappel concerne la vaccination des bovins contre la fi\u00e8vre aphteuse associ\u00e9e \u00e0 la poursuite de l\u2019op\u00e9ration d\u2019identification des bovins sur l\u2019ensemble du territoire. L\u2019Office organise aussi une campagne nationale de vaccination de rappel du cheptel ovin et caprin contre la peste des petits ruminants (PPR) et du cheptel ovin contre la clavel\u00e9e.<\/p>\n<\/div>\n<\/div>\n<\/div>\n<\/div>\n<p>Auteur: hgueye<br \/>\n<a href=\"https:\/\/www.leconomiste.com\/flash-infos\/l-onssa-lance-l-operation-de-vaccination-du-cheptel\">Cliquez ici pour lire l&rsquo;article depuis sa source.<\/a><\/p>\n","protected":false},"excerpt":{"rendered":"<p>La campagne de vaccination du cheptel d\u00e9marre ce vendredi 18 mars, annonce l\u2019Office national de s\u00e9curit\u00e9 sanitaire des produits alimentaires (ONSSA). Cette op\u00e9ration de rappel concerne la vaccination des bovins contre la fi\u00e8vre aphteuse associ\u00e9e \u00e0 la poursuite de l\u2019op\u00e9ration d\u2019identification des bovins sur l\u2019ensemble du territoire. L\u2019Office organise aussi une campagne nationale de vaccination [&hellip;]<\/p>\n","protected":false},"author":1763,"featured_media":0,"comment_status":"closed","ping_status":"closed","sticky":false,"template":"","format":"standard","meta":{"fifu_image_url":"","fifu_image_alt":"","footnotes":""},"categories":[78,54],"tags":[],"class_list":["post-143325","post","type-post","status-publish","format-standard","hentry","category-economie","category-maroc"],"_links":{"self":[{"href":"https:\/\/linitiative.ca\/International\/wp-json\/wp\/v2\/posts\/143325","targetHints":{"allow":["GET"]}}],"collection":[{"href":"https:\/\/linitiative.ca\/International\/wp-json\/wp\/v2\/posts"}],"about":[{"href":"https:\/\/linitiative.ca\/International\/wp-json\/wp\/v2\/types\/post"}],"author":[{"embeddable":true,"href":"https:\/\/linitiative.ca\/International\/wp-json\/wp\/v2\/users\/1763"}],"replies":[{"embeddable":true,"href":"https:\/\/linitiative.ca\/International\/wp-json\/wp\/v2\/comments?post=143325"}],"version-history":[{"count":0,"href":"https:\/\/linitiative.ca\/International\/wp-json\/wp\/v2\/posts\/143325\/revisions"}],"wp:attachment":[{"href":"https:\/\/linitiative.ca\/International\/wp-json\/wp\/v2\/media?parent=143325"}],"wp:term":[{"taxonomy":"category","embeddable":true,"href":"https:\/\/linitiative.ca\/International\/wp-json\/wp\/v2\/categories?post=143325"},{"taxonomy":"post_tag","embeddable":true,"href":"https:\/\/linitiative.ca\/International\/wp-json\/wp\/v2\/tags?post=143325"}],"curies":[{"name":"wp","href":"https:\/\/api.w.org\/{rel}","templated":true}]}}