{"id":143330,"date":"2022-03-17T00:52:00","date_gmt":"2022-03-17T04:52:00","guid":{"rendered":"https:\/\/linitiative.ca\/International\/les-8-qualifies-pour-les-quarts-de-finale-de-ligue-des-champions\/"},"modified":"2022-03-17T00:52:00","modified_gmt":"2022-03-17T04:52:00","slug":"les-8-qualifies-pour-les-quarts-de-finale-de-ligue-des-champions","status":"publish","type":"post","link":"https:\/\/linitiative.ca\/International\/les-8-qualifies-pour-les-quarts-de-finale-de-ligue-des-champions\/","title":{"rendered":"Les 8 qualifi\u00e9s pour les quarts de finale de Ligue des Champions"},"content":{"rendered":"<div>Riyad Mahrez et les Citizens figurent parmi les qualifi\u00e9s pour la suite de la comp\u00e9tition. Aissa Mandi sera \u00e9galement pr\u00e9sent avec Villarreal<\/div>\n<p>Auteur:<br \/>\n<a href=\"https:\/\/www.lebuteur.com\/article\/detail?titre=les-8-qualifies-pour-les-quarts-de-finale-de-ligue-des-champions&#038;id=102504\">Cliquez ici pour lire l&rsquo;article depuis sa source.<\/a><\/p>\n","protected":false},"excerpt":{"rendered":"<p>Riyad Mahrez et les Citizens figurent parmi les qualifi\u00e9s pour la suite de la comp\u00e9tition. Aissa Mandi sera \u00e9galement pr\u00e9sent avec Villarreal Auteur: Cliquez ici pour lire l&rsquo;article depuis sa source.<\/p>\n","protected":false},"author":1738,"featured_media":0,"comment_status":"closed","ping_status":"closed","sticky":false,"template":"","format":"standard","meta":{"fifu_image_url":"","fifu_image_alt":"","footnotes":""},"categories":[53,75],"tags":[],"class_list":["post-143330","post","type-post","status-publish","format-standard","hentry","category-algerie","category-sport"],"_links":{"self":[{"href":"https:\/\/linitiative.ca\/International\/wp-json\/wp\/v2\/posts\/143330","targetHints":{"allow":["GET"]}}],"collection":[{"href":"https:\/\/linitiative.ca\/International\/wp-json\/wp\/v2\/posts"}],"about":[{"href":"https:\/\/linitiative.ca\/International\/wp-json\/wp\/v2\/types\/post"}],"author":[{"embeddable":true,"href":"https:\/\/linitiative.ca\/International\/wp-json\/wp\/v2\/users\/1738"}],"replies":[{"embeddable":true,"href":"https:\/\/linitiative.ca\/International\/wp-json\/wp\/v2\/comments?post=143330"}],"version-history":[{"count":0,"href":"https:\/\/linitiative.ca\/International\/wp-json\/wp\/v2\/posts\/143330\/revisions"}],"wp:attachment":[{"href":"https:\/\/linitiative.ca\/International\/wp-json\/wp\/v2\/media?parent=143330"}],"wp:term":[{"taxonomy":"category","embeddable":true,"href":"https:\/\/linitiative.ca\/International\/wp-json\/wp\/v2\/categories?post=143330"},{"taxonomy":"post_tag","embeddable":true,"href":"https:\/\/linitiative.ca\/International\/wp-json\/wp\/v2\/tags?post=143330"}],"curies":[{"name":"wp","href":"https:\/\/api.w.org\/{rel}","templated":true}]}}