{"id":143334,"date":"2022-03-17T05:06:00","date_gmt":"2022-03-17T09:06:00","guid":{"rendered":"https:\/\/linitiative.ca\/International\/ali-baklouti-le-gazetier-de-sfax-et-du-sud\/"},"modified":"2022-03-17T05:06:00","modified_gmt":"2022-03-17T09:06:00","slug":"ali-baklouti-le-gazetier-de-sfax-et-du-sud","status":"publish","type":"post","link":"https:\/\/linitiative.ca\/International\/ali-baklouti-le-gazetier-de-sfax-et-du-sud\/","title":{"rendered":"Ali Baklouti: Le Gazetier&#8230; de Sfax et du Sud"},"content":{"rendered":"<div><img decoding=\"async\" src=\"https:\/\/linitiative.ca\/International\/wp-content\/uploads\/sites\/23\/2022\/03\/1647506212_article.jpg\" alt=\"Ali Baklouti: Le Gazetier... de Sfax et du Sud\" align=\"left\">De sa passion, le journalisme, il avait fait sa raison d\u2019\u00eatre et de la presse r\u00e9gionale, son devoir. Ali Baklouti, qui vient de nous quitter quelques jours seulement avant de boucler sa 84e ann\u00e9e, y a d\u00e9di\u00e9 toute son \u00e9nergie. Fondateur en 1975 du mensuel La Gazette du Sud qui continue \u00e0 para\u00eetre depuis 46 ans, et de son jumeau en langue arabe Chams Al Janoub, lanc\u00e9 en 1980, il a fait acte de r\u00e9sistance. Comment, avec de maigres ressources personnelles et en toute ind\u00e9pendance, maintenir en vie depuis si longtemps deux mensuels, publi\u00e9s \u00e0 Sfax, couvrant les gouvernorats du Sud ? C\u2019est ce d\u00e9fi qu\u2019a pu relever Ali Baklouti. Convaincu de la noblesse de sa mission, il &#8230;<\/p>\n<\/div>\n<p>Auteur:<br \/>\n<a href=\"https:\/\/www.leaders.com.tn\/article\/33106-ali-baklouti-le-gazetier-de-sfax-et-du-sud\">Cliquez ici pour lire l&rsquo;article depuis sa source.<\/a><\/p>\n","protected":false},"excerpt":{"rendered":"<p>De sa passion, le journalisme, il avait fait sa raison d\u2019\u00eatre et de la presse r\u00e9gionale, son devoir. Ali Baklouti, qui vient de nous quitter quelques jours seulement avant de boucler sa 84e ann\u00e9e, y a d\u00e9di\u00e9 toute son \u00e9nergie. Fondateur en 1975 du mensuel La Gazette du Sud qui continue \u00e0 para\u00eetre depuis 46 [&hellip;]<\/p>\n","protected":false},"author":1772,"featured_media":0,"comment_status":"closed","ping_status":"closed","sticky":false,"template":"","format":"standard","meta":{"fifu_image_url":"http:\/\/www.leaders.com.tn\/uploads\/content\/thumbnails_small\/1647506212_article.jpg","fifu_image_alt":"Ali Baklouti: Le Gazetier... de Sfax et du Sud","footnotes":""},"categories":[73,55],"tags":[],"class_list":["post-143334","post","type-post","status-publish","format-standard","hentry","category-actualite","category-tunisie"],"_links":{"self":[{"href":"https:\/\/linitiative.ca\/International\/wp-json\/wp\/v2\/posts\/143334","targetHints":{"allow":["GET"]}}],"collection":[{"href":"https:\/\/linitiative.ca\/International\/wp-json\/wp\/v2\/posts"}],"about":[{"href":"https:\/\/linitiative.ca\/International\/wp-json\/wp\/v2\/types\/post"}],"author":[{"embeddable":true,"href":"https:\/\/linitiative.ca\/International\/wp-json\/wp\/v2\/users\/1772"}],"replies":[{"embeddable":true,"href":"https:\/\/linitiative.ca\/International\/wp-json\/wp\/v2\/comments?post=143334"}],"version-history":[{"count":0,"href":"https:\/\/linitiative.ca\/International\/wp-json\/wp\/v2\/posts\/143334\/revisions"}],"wp:attachment":[{"href":"https:\/\/linitiative.ca\/International\/wp-json\/wp\/v2\/media?parent=143334"}],"wp:term":[{"taxonomy":"category","embeddable":true,"href":"https:\/\/linitiative.ca\/International\/wp-json\/wp\/v2\/categories?post=143334"},{"taxonomy":"post_tag","embeddable":true,"href":"https:\/\/linitiative.ca\/International\/wp-json\/wp\/v2\/tags?post=143334"}],"curies":[{"name":"wp","href":"https:\/\/api.w.org\/{rel}","templated":true}]}}