{"id":143336,"date":"2022-03-17T06:36:00","date_gmt":"2022-03-17T10:36:00","guid":{"rendered":"https:\/\/linitiative.ca\/International\/au-son-de-la-cloche-demarrage-des-transactions-sur-le-titre-sta-a-la-bourse-de-tunis-album-photos\/"},"modified":"2022-03-17T06:36:00","modified_gmt":"2022-03-17T10:36:00","slug":"au-son-de-la-cloche-demarrage-des-transactions-sur-le-titre-sta-a-la-bourse-de-tunis-album-photos","status":"publish","type":"post","link":"https:\/\/linitiative.ca\/International\/au-son-de-la-cloche-demarrage-des-transactions-sur-le-titre-sta-a-la-bourse-de-tunis-album-photos\/","title":{"rendered":"Au son de la cloche, d\u00e9marrage des transactions sur le titre STA \u00e0 la Bourse de Tunis (Album photos)"},"content":{"rendered":"<div><img decoding=\"async\" src=\"https:\/\/linitiative.ca\/International\/wp-content\/uploads\/sites\/23\/2022\/03\/1647509813_article.jpg\" alt=\"Au son de la cloche, d\u00e9marrage des transactions sur le titre STA \u00e0 la Bourse de Tunis\" align=\"left\">Le son de la cloche de la Bourse de Tunis avait un retentissement particulier, ce jeudi matin. \u00ab Une heureuse co\u00efncidence aura voulu que le march\u00e9 financier tunisien c\u00e9l\u00e8bre en cette m\u00eame semaine deux r\u00e9ussites significatives. Il s\u2019agit de la cl\u00f4ture r\u00e9ussie de la premi\u00e8re tranche de l\u2019emprunt obligataire national, avec un montant largement sup\u00e9rieur \u00e0 celui initialement escompt\u00e9 et de l\u2019introduction en bourse de la Soci\u00e9t\u00e9 tunisienne d\u2019automobiles (STA), distributeur officiel des voitures Chery, \u00e0 la faveur d\u2019une offre \u00e0 prix ferme et d\u2019un placement global, recueillant plus de trois fois et demie, l\u2019offre propos\u00e9e. \u00bb\u00a0 C\u2019est qu\u2019a d\u00e9clar\u00e9 Bilel &#8230;<\/p>\n<\/div>\n<p>Auteur:<br \/>\n<a href=\"https:\/\/www.leaders.com.tn\/article\/33109-au-son-de-la-cloche-demarrage-des-transactions-sur-le-titre-sta-a-la-bourse-de-tunis\">Cliquez ici pour lire l&rsquo;article depuis sa source.<\/a><\/p>\n","protected":false},"excerpt":{"rendered":"<p>Le son de la cloche de la Bourse de Tunis avait un retentissement particulier, ce jeudi matin. \u00ab Une heureuse co\u00efncidence aura voulu que le march\u00e9 financier tunisien c\u00e9l\u00e8bre en cette m\u00eame semaine deux r\u00e9ussites significatives. Il s\u2019agit de la cl\u00f4ture r\u00e9ussie de la premi\u00e8re tranche de l\u2019emprunt obligataire national, avec un montant largement sup\u00e9rieur [&hellip;]<\/p>\n","protected":false},"author":1772,"featured_media":0,"comment_status":"closed","ping_status":"closed","sticky":false,"template":"","format":"standard","meta":{"fifu_image_url":"http:\/\/www.leaders.com.tn\/uploads\/content\/thumbnails_small\/1647509813_article.jpg","fifu_image_alt":"Au son de la cloche, d\u00e9marrage des transactions sur le titre STA \u00e0 la Bourse de Tunis (Album photos)","footnotes":""},"categories":[73,55],"tags":[],"class_list":["post-143336","post","type-post","status-publish","format-standard","hentry","category-actualite","category-tunisie"],"_links":{"self":[{"href":"https:\/\/linitiative.ca\/International\/wp-json\/wp\/v2\/posts\/143336","targetHints":{"allow":["GET"]}}],"collection":[{"href":"https:\/\/linitiative.ca\/International\/wp-json\/wp\/v2\/posts"}],"about":[{"href":"https:\/\/linitiative.ca\/International\/wp-json\/wp\/v2\/types\/post"}],"author":[{"embeddable":true,"href":"https:\/\/linitiative.ca\/International\/wp-json\/wp\/v2\/users\/1772"}],"replies":[{"embeddable":true,"href":"https:\/\/linitiative.ca\/International\/wp-json\/wp\/v2\/comments?post=143336"}],"version-history":[{"count":0,"href":"https:\/\/linitiative.ca\/International\/wp-json\/wp\/v2\/posts\/143336\/revisions"}],"wp:attachment":[{"href":"https:\/\/linitiative.ca\/International\/wp-json\/wp\/v2\/media?parent=143336"}],"wp:term":[{"taxonomy":"category","embeddable":true,"href":"https:\/\/linitiative.ca\/International\/wp-json\/wp\/v2\/categories?post=143336"},{"taxonomy":"post_tag","embeddable":true,"href":"https:\/\/linitiative.ca\/International\/wp-json\/wp\/v2\/tags?post=143336"}],"curies":[{"name":"wp","href":"https:\/\/api.w.org\/{rel}","templated":true}]}}