{"id":143338,"date":"2022-03-17T07:46:00","date_gmt":"2022-03-17T11:46:00","guid":{"rendered":"https:\/\/linitiative.ca\/International\/lutica-monte-au-creneau-restaurer-la-confiance-et-cesser-de-diaboliser-les-commercants\/"},"modified":"2022-03-17T07:46:00","modified_gmt":"2022-03-17T11:46:00","slug":"lutica-monte-au-creneau-restaurer-la-confiance-et-cesser-de-diaboliser-les-commercants","status":"publish","type":"post","link":"https:\/\/linitiative.ca\/International\/lutica-monte-au-creneau-restaurer-la-confiance-et-cesser-de-diaboliser-les-commercants\/","title":{"rendered":"L\u2019UTICA monte au cr\u00e9neau : restaurer la confiance et cesser de diaboliser les commer\u00e7ants"},"content":{"rendered":"<div><img decoding=\"async\" src=\"https:\/\/linitiative.ca\/International\/wp-content\/uploads\/sites\/23\/2022\/03\/1647514617_article.jpg\" alt=\"L\u2019UTICA monte au cr\u00e9neau : restaurer la confiance et cesser de diaboliser les commer\u00e7ants\" align=\"left\">La col\u00e8re gronde ! C\u2019est de l\u2019inadmissible pour l\u2019UTICA : descentes sans discernement dans les d\u00e9p\u00f4ts et saisies de produits, arrestations de commer\u00e7ants parfaitement en r\u00e8gle avec la loi, et climat d\u00e9l\u00e9t\u00e8re de diabolisation. Press\u00e9 par ses bases, boulangers, commer\u00e7ants et fabricants de produits alimentaires, la centrale patronale s\u2019est r\u00e9solue \u00e0 ne pas se laisser faire dans cette implacable campagne de d\u00e9nonciation de sp\u00e9culations sur les produits de base. Dans un communiqu\u00e9 au ton ferme et \u00e9nergique, sign\u00e9 par son pr\u00e9sident Samir Majoul, elle d\u00e9plore la forte d\u00e9gradation du climat de confiance cens\u00e9 r\u00e9gner entre les pouvoirs publics et les acteurs de la &#8230;<\/p>\n<\/div>\n<p>Auteur:<br \/>\n<a href=\"https:\/\/www.leaders.com.tn\/article\/33110-l-utica-monte-au-creneau-restaurer-la-confiance-et-cesser-de-diaboliser-les-commercants\">Cliquez ici pour lire l&rsquo;article depuis sa source.<\/a><\/p>\n","protected":false},"excerpt":{"rendered":"<p>La col\u00e8re gronde ! C\u2019est de l\u2019inadmissible pour l\u2019UTICA : descentes sans discernement dans les d\u00e9p\u00f4ts et saisies de produits, arrestations de commer\u00e7ants parfaitement en r\u00e8gle avec la loi, et climat d\u00e9l\u00e9t\u00e8re de diabolisation. Press\u00e9 par ses bases, boulangers, commer\u00e7ants et fabricants de produits alimentaires, la centrale patronale s\u2019est r\u00e9solue \u00e0 ne pas se laisser [&hellip;]<\/p>\n","protected":false},"author":1772,"featured_media":0,"comment_status":"closed","ping_status":"closed","sticky":false,"template":"","format":"standard","meta":{"fifu_image_url":"http:\/\/www.leaders.com.tn\/uploads\/content\/thumbnails_small\/1647514617_article.jpg","fifu_image_alt":"L\u2019UTICA monte au cr\u00e9neau : restaurer la confiance et cesser de diaboliser les commer\u00e7ants","footnotes":""},"categories":[73,55],"tags":[],"class_list":["post-143338","post","type-post","status-publish","format-standard","hentry","category-actualite","category-tunisie"],"_links":{"self":[{"href":"https:\/\/linitiative.ca\/International\/wp-json\/wp\/v2\/posts\/143338","targetHints":{"allow":["GET"]}}],"collection":[{"href":"https:\/\/linitiative.ca\/International\/wp-json\/wp\/v2\/posts"}],"about":[{"href":"https:\/\/linitiative.ca\/International\/wp-json\/wp\/v2\/types\/post"}],"author":[{"embeddable":true,"href":"https:\/\/linitiative.ca\/International\/wp-json\/wp\/v2\/users\/1772"}],"replies":[{"embeddable":true,"href":"https:\/\/linitiative.ca\/International\/wp-json\/wp\/v2\/comments?post=143338"}],"version-history":[{"count":0,"href":"https:\/\/linitiative.ca\/International\/wp-json\/wp\/v2\/posts\/143338\/revisions"}],"wp:attachment":[{"href":"https:\/\/linitiative.ca\/International\/wp-json\/wp\/v2\/media?parent=143338"}],"wp:term":[{"taxonomy":"category","embeddable":true,"href":"https:\/\/linitiative.ca\/International\/wp-json\/wp\/v2\/categories?post=143338"},{"taxonomy":"post_tag","embeddable":true,"href":"https:\/\/linitiative.ca\/International\/wp-json\/wp\/v2\/tags?post=143338"}],"curies":[{"name":"wp","href":"https:\/\/api.w.org\/{rel}","templated":true}]}}