{"id":143342,"date":"2022-03-17T08:14:00","date_gmt":"2022-03-17T12:14:00","guid":{"rendered":"https:\/\/linitiative.ca\/International\/saison-estivale-2022-lonmt-conclut-un-partenariat-record-avec-ryanair\/"},"modified":"2022-03-17T08:14:00","modified_gmt":"2022-03-17T12:14:00","slug":"saison-estivale-2022-lonmt-conclut-un-partenariat-record-avec-ryanair","status":"publish","type":"post","link":"https:\/\/linitiative.ca\/International\/saison-estivale-2022-lonmt-conclut-un-partenariat-record-avec-ryanair\/","title":{"rendered":"Saison estivale 2022. L\u2019ONMT conclut un partenariat record avec Ryanair"},"content":{"rendered":"<div><img decoding=\"async\" width=\"600\" height=\"390\" src=\"https:\/\/linitiative.ca\/International\/wp-content\/uploads\/sites\/23\/2022\/03\/Eddie-Wilson-CEO-de-Ryanair-et-Adel-El-fakir-Adel-El-Fakir-Dg-de-lONMT-1-600-x-390.jpg\" class=\"attachment-post-thumbnail size-post-thumbnail wp-post-image\" alt=\"\" loading=\"lazy\" srcset=\"https:\/\/linitiative.ca\/International\/wp-content\/uploads\/sites\/23\/2022\/03\/Eddie-Wilson-CEO-de-Ryanair-et-Adel-El-fakir-Adel-El-Fakir-Dg-de-lONMT-1-600-x-390.jpg 600w, https:\/\/www.challenge.ma\/wp-content\/uploads\/2022\/03\/Eddie-Wilson-CEO-de-Ryanair-et-Adel-El-fakir-Adel-El-Fakir-Dg-de-lONMT-1-600-x-390-300x195.jpg 300w, https:\/\/www.challenge.ma\/wp-content\/uploads\/2022\/03\/Eddie-Wilson-CEO-de-Ryanair-et-Adel-El-fakir-Adel-El-Fakir-Dg-de-lONMT-1-600-x-390-360x234.jpg 360w\" sizes=\"auto, (max-width: 600px) 100vw, 600px\" itemprop=\"image\">L\u2019ONMT continue sur sa lanc\u00e9e de reconqu\u00eate des march\u00e9s internationaux. En atteste la signature r\u00e9cente dans le Royaume d\u2019un partenariat d\u2019ampleur entre Eddie Wilson, CEO de Ryanair, et Adel El Fakir, Directeur g\u00e9n\u00e9ral de l\u2019Office National Marocain du Tourisme (ONMT). Plusieurs r\u00e9unions de travail entre la compagnie irlandaise et l\u2019Office<\/div>\n<p>Auteur: David J\u00e9r\u00e9mie<br \/>\n<a href=\"https:\/\/www.challenge.ma\/saison-estivale-2022-lonmt-conclut-un-partenariat-record-avec-ryanair-234759\/\">Cliquez ici pour lire l&rsquo;article depuis sa source.<\/a><\/p>\n","protected":false},"excerpt":{"rendered":"<p>L\u2019ONMT continue sur sa lanc\u00e9e de reconqu\u00eate des march\u00e9s internationaux. En atteste la signature r\u00e9cente dans le Royaume d\u2019un partenariat d\u2019ampleur entre Eddie Wilson, CEO de Ryanair, et Adel El Fakir, Directeur g\u00e9n\u00e9ral de l\u2019Office National Marocain du Tourisme (ONMT). Plusieurs r\u00e9unions de travail entre la compagnie irlandaise et l\u2019Office Auteur: David J\u00e9r\u00e9mie Cliquez ici [&hellip;]<\/p>\n","protected":false},"author":1787,"featured_media":0,"comment_status":"closed","ping_status":"closed","sticky":false,"template":"","format":"standard","meta":{"fifu_image_url":"https:\/\/www.challenge.ma\/wp-content\/uploads\/2022\/03\/Eddie-Wilson-CEO-de-Ryanair-et-Adel-El-fakir-Adel-El-Fakir-Dg-de-lONMT-1-600-x-390.jpg","fifu_image_alt":"Saison estivale 2022. L\u2019ONMT conclut un partenariat record avec Ryanair","footnotes":""},"categories":[78,54],"tags":[],"class_list":["post-143342","post","type-post","status-publish","format-standard","hentry","category-economie","category-maroc"],"_links":{"self":[{"href":"https:\/\/linitiative.ca\/International\/wp-json\/wp\/v2\/posts\/143342","targetHints":{"allow":["GET"]}}],"collection":[{"href":"https:\/\/linitiative.ca\/International\/wp-json\/wp\/v2\/posts"}],"about":[{"href":"https:\/\/linitiative.ca\/International\/wp-json\/wp\/v2\/types\/post"}],"author":[{"embeddable":true,"href":"https:\/\/linitiative.ca\/International\/wp-json\/wp\/v2\/users\/1787"}],"replies":[{"embeddable":true,"href":"https:\/\/linitiative.ca\/International\/wp-json\/wp\/v2\/comments?post=143342"}],"version-history":[{"count":0,"href":"https:\/\/linitiative.ca\/International\/wp-json\/wp\/v2\/posts\/143342\/revisions"}],"wp:attachment":[{"href":"https:\/\/linitiative.ca\/International\/wp-json\/wp\/v2\/media?parent=143342"}],"wp:term":[{"taxonomy":"category","embeddable":true,"href":"https:\/\/linitiative.ca\/International\/wp-json\/wp\/v2\/categories?post=143342"},{"taxonomy":"post_tag","embeddable":true,"href":"https:\/\/linitiative.ca\/International\/wp-json\/wp\/v2\/tags?post=143342"}],"curies":[{"name":"wp","href":"https:\/\/api.w.org\/{rel}","templated":true}]}}