{"id":143346,"date":"2022-03-17T13:13:11","date_gmt":"2022-03-17T17:13:11","guid":{"rendered":"https:\/\/linitiative.ca\/International\/generalisation-de-lamo-de-nouvelles-categories-professionnelles-integrent-le-regime\/"},"modified":"2022-03-17T13:13:11","modified_gmt":"2022-03-17T17:13:11","slug":"generalisation-de-lamo-de-nouvelles-categories-professionnelles-integrent-le-regime","status":"publish","type":"post","link":"https:\/\/linitiative.ca\/International\/generalisation-de-lamo-de-nouvelles-categories-professionnelles-integrent-le-regime\/","title":{"rendered":"G\u00e9n\u00e9ralisation de l\u2019AMO. De nouvelles cat\u00e9gories professionnelles int\u00e8grent le r\u00e9gime"},"content":{"rendered":"<div><img decoding=\"async\" width=\"1600\" height=\"900\" src=\"https:\/\/linitiative.ca\/International\/wp-content\/uploads\/sites\/23\/2022\/03\/Conseil-de-Gouvernement.jpg\" class=\"attachment-post-thumbnail size-post-thumbnail wp-post-image\" alt=\"\" loading=\"lazy\" srcset=\"https:\/\/linitiative.ca\/International\/wp-content\/uploads\/sites\/23\/2022\/03\/Conseil-de-Gouvernement.jpg 1600w, https:\/\/www.challenge.ma\/wp-content\/uploads\/2021\/12\/Conseil-de-Gouvernement-300x169.jpg 300w, https:\/\/www.challenge.ma\/wp-content\/uploads\/2021\/12\/Conseil-de-Gouvernement-1024x576.jpg 1024w, https:\/\/www.challenge.ma\/wp-content\/uploads\/2021\/12\/Conseil-de-Gouvernement-768x432.jpg 768w, https:\/\/www.challenge.ma\/wp-content\/uploads\/2021\/12\/Conseil-de-Gouvernement-1536x864.jpg 1536w, https:\/\/www.challenge.ma\/wp-content\/uploads\/2021\/12\/Conseil-de-Gouvernement-360x203.jpg 360w, https:\/\/www.challenge.ma\/wp-content\/uploads\/2021\/12\/Conseil-de-Gouvernement-750x422.jpg 750w\" sizes=\"auto, (max-width: 1600px) 100vw, 1600px\" itemprop=\"image\">Le Conseil de gouvernement du 17 mars a approuv\u00e9 deux projets de d\u00e9cret dans le cadre de l\u2019engagement de l\u2019Ex\u00e9cutif \u00e0 mettre en \u0153uvre le projet de la Protection sociale dans les d\u00e9lais fix\u00e9s.Il s\u2019agit du projet de d\u00e9cret n\u00b0 2.22.207 modifiant l\u2019annexe du d\u00e9cret n\u00b0 2.18.622, relatif \u00e0 l\u2019application<\/div>\n<p>Auteur: challenge<br \/>\n<a href=\"https:\/\/www.challenge.ma\/generalisation-de-lamo-de-nouvelles-categories-professionnelles-integrent-le-regime-234786\/\">Cliquez ici pour lire l&rsquo;article depuis sa source.<\/a><\/p>\n","protected":false},"excerpt":{"rendered":"<p>Le Conseil de gouvernement du 17 mars a approuv\u00e9 deux projets de d\u00e9cret dans le cadre de l\u2019engagement de l\u2019Ex\u00e9cutif \u00e0 mettre en \u0153uvre le projet de la Protection sociale dans les d\u00e9lais fix\u00e9s.Il s\u2019agit du projet de d\u00e9cret n\u00b0 2.22.207 modifiant l\u2019annexe du d\u00e9cret n\u00b0 2.18.622, relatif \u00e0 l\u2019application Auteur: challenge Cliquez ici pour [&hellip;]<\/p>\n","protected":false},"author":1787,"featured_media":0,"comment_status":"closed","ping_status":"closed","sticky":false,"template":"","format":"standard","meta":{"fifu_image_url":"https:\/\/www.challenge.ma\/wp-content\/uploads\/2021\/12\/Conseil-de-Gouvernement.jpg","fifu_image_alt":"G\u00e9n\u00e9ralisation de l\u2019AMO. De nouvelles cat\u00e9gories professionnelles int\u00e8grent le r\u00e9gime","footnotes":""},"categories":[78,54],"tags":[],"class_list":["post-143346","post","type-post","status-publish","format-standard","hentry","category-economie","category-maroc"],"_links":{"self":[{"href":"https:\/\/linitiative.ca\/International\/wp-json\/wp\/v2\/posts\/143346","targetHints":{"allow":["GET"]}}],"collection":[{"href":"https:\/\/linitiative.ca\/International\/wp-json\/wp\/v2\/posts"}],"about":[{"href":"https:\/\/linitiative.ca\/International\/wp-json\/wp\/v2\/types\/post"}],"author":[{"embeddable":true,"href":"https:\/\/linitiative.ca\/International\/wp-json\/wp\/v2\/users\/1787"}],"replies":[{"embeddable":true,"href":"https:\/\/linitiative.ca\/International\/wp-json\/wp\/v2\/comments?post=143346"}],"version-history":[{"count":0,"href":"https:\/\/linitiative.ca\/International\/wp-json\/wp\/v2\/posts\/143346\/revisions"}],"wp:attachment":[{"href":"https:\/\/linitiative.ca\/International\/wp-json\/wp\/v2\/media?parent=143346"}],"wp:term":[{"taxonomy":"category","embeddable":true,"href":"https:\/\/linitiative.ca\/International\/wp-json\/wp\/v2\/categories?post=143346"},{"taxonomy":"post_tag","embeddable":true,"href":"https:\/\/linitiative.ca\/International\/wp-json\/wp\/v2\/tags?post=143346"}],"curies":[{"name":"wp","href":"https:\/\/api.w.org\/{rel}","templated":true}]}}