{"id":143357,"date":"2022-03-17T15:49:20","date_gmt":"2022-03-17T19:49:20","guid":{"rendered":"https:\/\/linitiative.ca\/International\/pourparlers-entre-bamako-et-les-groupes-armes-signataires-de-laccord-dalger-la-paix-si-proche-si-loin\/"},"modified":"2022-03-17T15:49:20","modified_gmt":"2022-03-17T19:49:20","slug":"pourparlers-entre-bamako-et-les-groupes-armes-signataires-de-laccord-dalger-la-paix-si-proche-si-loin","status":"publish","type":"post","link":"https:\/\/linitiative.ca\/International\/pourparlers-entre-bamako-et-les-groupes-armes-signataires-de-laccord-dalger-la-paix-si-proche-si-loin\/","title":{"rendered":"POURPARLERS ENTRE BAMAKO ET LES GROUPES ARMES SIGNATAIRES DE L\u2019ACCORD D\u2019ALGER  \u00a0: \u00a0La paix, si proche si loin\u00a0!  \u00a0"},"content":{"rendered":"<div>\n<p><img decoding=\"async\" width=\"1250\" height=\"625\" src=\"https:\/\/linitiative.ca\/International\/wp-content\/uploads\/sites\/23\/2022\/03\/pourparlers.jpg\" class=\"attachment- size- wp-post-image\" alt=\"\" loading=\"lazy\" style=\"float:left; margin:0 15px 15px 0;\" srcset=\"https:\/\/linitiative.ca\/International\/wp-content\/uploads\/sites\/23\/2022\/03\/pourparlers.jpg 1250w, https:\/\/lepays.bf\/wp-content\/uploads\/2022\/03\/pourparlers-300x150.jpg 300w, https:\/\/lepays.bf\/wp-content\/uploads\/2022\/03\/pourparlers-1024x512.jpg 1024w, https:\/\/lepays.bf\/wp-content\/uploads\/2022\/03\/pourparlers-150x75.jpg 150w, https:\/\/lepays.bf\/wp-content\/uploads\/2022\/03\/pourparlers-768x384.jpg 768w, https:\/\/lepays.bf\/wp-content\/uploads\/2022\/03\/pourparlers-1100x550.jpg 1100w\" sizes=\"auto, (max-width: 1250px) 100vw, 1250px\">L\u2019accord de paix d\u2019Alger sign\u00e9 en 2015 entre le gouvernement malien et les groupes arm\u00e9s du Nord, commence \u00e0 faire date alors que son application reste encore particuli\u00e8rement probl\u00e9matique et laborieuse sur le terrain. Pire, au fil du temps, cet accord a progressivement pris du [\u2026]<\/p>\n<p>L\u2019article <a rel=\"nofollow\" href=\"https:\/\/lepays.bf\/pourparlers-entre-bamako-et-les-groupes-armes-signataires-de-laccord-dalger-la-paix-si-proche-si-loin\/\">POURPARLERS ENTRE BAMAKO ET LES GROUPES ARMES SIGNATAIRES DE L\u2019ACCORD D\u2019ALGER  \u00a0: \u00a0La paix, si proche si loin\u00a0!  \u00a0<\/a> est apparu en premier sur <a rel=\"nofollow\" href=\"https:\/\/lepays.bf\/\">Editions Le Pays<\/a>.<\/p>\n<\/div>\n<p>Auteur: Editions LEPAYS<br \/>\n<a href=\"https:\/\/lepays.bf\/pourparlers-entre-bamako-et-les-groupes-armes-signataires-de-laccord-dalger-la-paix-si-proche-si-loin\/\">Cliquez ici pour lire l&rsquo;article depuis sa source.<\/a><\/p>\n","protected":false},"excerpt":{"rendered":"<p>L\u2019accord de paix d\u2019Alger sign\u00e9 en 2015 entre le gouvernement malien et les groupes arm\u00e9s du Nord, commence \u00e0 faire date alors que son application reste encore particuli\u00e8rement probl\u00e9matique et laborieuse sur le terrain. Pire, au fil du temps, cet accord a progressivement pris du [\u2026] L\u2019article POURPARLERS ENTRE BAMAKO ET LES GROUPES ARMES SIGNATAIRES [&hellip;]<\/p>\n","protected":false},"author":1813,"featured_media":0,"comment_status":"closed","ping_status":"closed","sticky":false,"template":"","format":"standard","meta":{"fifu_image_url":"https:\/\/lepays.bf\/wp-content\/uploads\/2022\/03\/pourparlers.jpg","fifu_image_alt":"POURPARLERS ENTRE BAMAKO ET LES GROUPES ARMES SIGNATAIRES DE L\u2019ACCORD D\u2019ALGER  \u00a0: \u00a0La paix, si proche si loin\u00a0!  \u00a0","footnotes":""},"categories":[73,81],"tags":[],"class_list":["post-143357","post","type-post","status-publish","format-standard","hentry","category-actualite","category-burkina-faso"],"_links":{"self":[{"href":"https:\/\/linitiative.ca\/International\/wp-json\/wp\/v2\/posts\/143357","targetHints":{"allow":["GET"]}}],"collection":[{"href":"https:\/\/linitiative.ca\/International\/wp-json\/wp\/v2\/posts"}],"about":[{"href":"https:\/\/linitiative.ca\/International\/wp-json\/wp\/v2\/types\/post"}],"author":[{"embeddable":true,"href":"https:\/\/linitiative.ca\/International\/wp-json\/wp\/v2\/users\/1813"}],"replies":[{"embeddable":true,"href":"https:\/\/linitiative.ca\/International\/wp-json\/wp\/v2\/comments?post=143357"}],"version-history":[{"count":0,"href":"https:\/\/linitiative.ca\/International\/wp-json\/wp\/v2\/posts\/143357\/revisions"}],"wp:attachment":[{"href":"https:\/\/linitiative.ca\/International\/wp-json\/wp\/v2\/media?parent=143357"}],"wp:term":[{"taxonomy":"category","embeddable":true,"href":"https:\/\/linitiative.ca\/International\/wp-json\/wp\/v2\/categories?post=143357"},{"taxonomy":"post_tag","embeddable":true,"href":"https:\/\/linitiative.ca\/International\/wp-json\/wp\/v2\/tags?post=143357"}],"curies":[{"name":"wp","href":"https:\/\/api.w.org\/{rel}","templated":true}]}}