{"id":143361,"date":"2022-03-17T15:56:55","date_gmt":"2022-03-17T19:56:55","guid":{"rendered":"https:\/\/linitiative.ca\/International\/suspension-des-chaines-rfi-et-france-24-au-mali-le-palier-de-trop\/"},"modified":"2022-03-17T15:56:55","modified_gmt":"2022-03-17T19:56:55","slug":"suspension-des-chaines-rfi-et-france-24-au-mali-le-palier-de-trop","status":"publish","type":"post","link":"https:\/\/linitiative.ca\/International\/suspension-des-chaines-rfi-et-france-24-au-mali-le-palier-de-trop\/","title":{"rendered":"SUSPENSION DES CHAINES RFI ET FRANCE 24 AU MALI : Le palier de trop"},"content":{"rendered":"<div>\n<p><img decoding=\"async\" width=\"259\" height=\"194\" src=\"https:\/\/linitiative.ca\/International\/wp-content\/uploads\/sites\/23\/2022\/03\/SUSPENSION.jpg\" class=\"attachment- size- wp-post-image\" alt=\"\" loading=\"lazy\" style=\"float:left; margin:0 15px 15px 0;\" srcset=\"https:\/\/linitiative.ca\/International\/wp-content\/uploads\/sites\/23\/2022\/03\/SUSPENSION.jpg 259w, https:\/\/lepays.bf\/wp-content\/uploads\/2022\/03\/SUSPENSION-150x112.jpg 150w\" sizes=\"auto, (max-width: 259px) 100vw, 259px\">C\u2019est fait\u00a0! Les chaines RFI et France 24 sont suspendues jusqu\u2019\u00e0 nouvel ordre au Mali. C\u2019est, du moins, ce qu\u2019ont annonc\u00e9 les autorit\u00e9s de la Transition dans un communiqu\u00e9 rendu public, hier, 17 mars 2022. Quoique bouleversante, la nouvelle n\u2019a pas surpris grand monde d\u2019autant [\u2026]<\/p>\n<p>L\u2019article <a rel=\"nofollow\" href=\"https:\/\/lepays.bf\/suspension-des-chaines-rfi-et-france-24-au-mali-le-palier-de-trop\/\">SUSPENSION DES CHAINES RFI ET FRANCE 24 AU MALI : Le palier de trop<\/a> est apparu en premier sur <a rel=\"nofollow\" href=\"https:\/\/lepays.bf\/\">Editions Le Pays<\/a>.<\/p>\n<\/div>\n<p>Auteur: Editions LEPAYS<br \/>\n<a href=\"https:\/\/lepays.bf\/suspension-des-chaines-rfi-et-france-24-au-mali-le-palier-de-trop\/\">Cliquez ici pour lire l&rsquo;article depuis sa source.<\/a><\/p>\n","protected":false},"excerpt":{"rendered":"<p>C\u2019est fait\u00a0! Les chaines RFI et France 24 sont suspendues jusqu\u2019\u00e0 nouvel ordre au Mali. C\u2019est, du moins, ce qu\u2019ont annonc\u00e9 les autorit\u00e9s de la Transition dans un communiqu\u00e9 rendu public, hier, 17 mars 2022. Quoique bouleversante, la nouvelle n\u2019a pas surpris grand monde d\u2019autant [\u2026] L\u2019article SUSPENSION DES CHAINES RFI ET FRANCE 24 AU [&hellip;]<\/p>\n","protected":false},"author":1813,"featured_media":0,"comment_status":"closed","ping_status":"closed","sticky":false,"template":"","format":"standard","meta":{"fifu_image_url":"https:\/\/lepays.bf\/wp-content\/uploads\/2022\/03\/SUSPENSION.jpg","fifu_image_alt":"SUSPENSION DES CHAINES RFI ET FRANCE 24 AU MALI : Le palier de trop","footnotes":""},"categories":[73,81],"tags":[],"class_list":["post-143361","post","type-post","status-publish","format-standard","hentry","category-actualite","category-burkina-faso"],"_links":{"self":[{"href":"https:\/\/linitiative.ca\/International\/wp-json\/wp\/v2\/posts\/143361","targetHints":{"allow":["GET"]}}],"collection":[{"href":"https:\/\/linitiative.ca\/International\/wp-json\/wp\/v2\/posts"}],"about":[{"href":"https:\/\/linitiative.ca\/International\/wp-json\/wp\/v2\/types\/post"}],"author":[{"embeddable":true,"href":"https:\/\/linitiative.ca\/International\/wp-json\/wp\/v2\/users\/1813"}],"replies":[{"embeddable":true,"href":"https:\/\/linitiative.ca\/International\/wp-json\/wp\/v2\/comments?post=143361"}],"version-history":[{"count":0,"href":"https:\/\/linitiative.ca\/International\/wp-json\/wp\/v2\/posts\/143361\/revisions"}],"wp:attachment":[{"href":"https:\/\/linitiative.ca\/International\/wp-json\/wp\/v2\/media?parent=143361"}],"wp:term":[{"taxonomy":"category","embeddable":true,"href":"https:\/\/linitiative.ca\/International\/wp-json\/wp\/v2\/categories?post=143361"},{"taxonomy":"post_tag","embeddable":true,"href":"https:\/\/linitiative.ca\/International\/wp-json\/wp\/v2\/tags?post=143361"}],"curies":[{"name":"wp","href":"https:\/\/api.w.org\/{rel}","templated":true}]}}