{"id":143363,"date":"2022-03-17T16:01:17","date_gmt":"2022-03-17T20:01:17","guid":{"rendered":"https:\/\/linitiative.ca\/International\/dialogue-republicain-en-rca-pourvu-que-la-montagne-naccouche-pas-dune-souris\/"},"modified":"2022-03-17T16:01:17","modified_gmt":"2022-03-17T20:01:17","slug":"dialogue-republicain-en-rca-pourvu-que-la-montagne-naccouche-pas-dune-souris","status":"publish","type":"post","link":"https:\/\/linitiative.ca\/International\/dialogue-republicain-en-rca-pourvu-que-la-montagne-naccouche-pas-dune-souris\/","title":{"rendered":"DIALOGUE REPUBLICAIN EN RCA : Pourvu que la montagne n\u2019accouche pas d\u2019une souris"},"content":{"rendered":"<div>\n<p><img loading=\"lazy\" decoding=\"async\" width=\"450\" height=\"338\" src=\"https:\/\/linitiative.ca\/International\/wp-content\/uploads\/sites\/23\/2022\/03\/RCA.jpg\" class=\"attachment- size- wp-post-image\" alt=\"\" style=\"float:left; margin:0 15px 15px 0;\" srcset=\"https:\/\/linitiative.ca\/International\/wp-content\/uploads\/sites\/23\/2022\/03\/RCA.jpg 450w, https:\/\/lepays.bf\/wp-content\/uploads\/2022\/03\/RCA-300x225.jpg 300w, https:\/\/lepays.bf\/wp-content\/uploads\/2022\/03\/RCA-150x113.jpg 150w\" sizes=\"auto, (max-width: 450px) 100vw, 450px\">Promis depuis pr\u00e8s d\u2019un an par le chef de l\u2019Etat, le dialogue r\u00e9publicain ouvrira finalement ses portes le 21 mars prochain \u00e0 Bangui en R\u00e9publique centrafricaine (RCA). Sont invit\u00e9s autour de la table, les organisations de la soci\u00e9t\u00e9 civile, les partis politiques de l\u2019opposition et [\u2026]<\/p>\n<p>L\u2019article <a rel=\"nofollow\" href=\"https:\/\/lepays.bf\/dialogue-republicain-en-rca-pourvu-que-la-montagne-naccouche-pas-dune-souris\/\">DIALOGUE REPUBLICAIN EN RCA : Pourvu que la montagne n\u2019accouche pas d\u2019une souris<\/a> est apparu en premier sur <a rel=\"nofollow\" href=\"https:\/\/lepays.bf\/\">Editions Le Pays<\/a>.<\/p>\n<\/div>\n<p>Auteur: Editions LEPAYS<br \/>\n<a href=\"https:\/\/lepays.bf\/dialogue-republicain-en-rca-pourvu-que-la-montagne-naccouche-pas-dune-souris\/\">Cliquez ici pour lire l&rsquo;article depuis sa source.<\/a><\/p>\n","protected":false},"excerpt":{"rendered":"<p>Promis depuis pr\u00e8s d\u2019un an par le chef de l\u2019Etat, le dialogue r\u00e9publicain ouvrira finalement ses portes le 21 mars prochain \u00e0 Bangui en R\u00e9publique centrafricaine (RCA). Sont invit\u00e9s autour de la table, les organisations de la soci\u00e9t\u00e9 civile, les partis politiques de l\u2019opposition et [\u2026] L\u2019article DIALOGUE REPUBLICAIN EN RCA : Pourvu que la [&hellip;]<\/p>\n","protected":false},"author":1813,"featured_media":0,"comment_status":"closed","ping_status":"closed","sticky":false,"template":"","format":"standard","meta":{"fifu_image_url":"https:\/\/lepays.bf\/wp-content\/uploads\/2022\/03\/RCA.jpg","fifu_image_alt":"DIALOGUE REPUBLICAIN EN RCA : Pourvu que la montagne n\u2019accouche pas d\u2019une souris","footnotes":""},"categories":[73,81],"tags":[],"class_list":["post-143363","post","type-post","status-publish","format-standard","hentry","category-actualite","category-burkina-faso"],"_links":{"self":[{"href":"https:\/\/linitiative.ca\/International\/wp-json\/wp\/v2\/posts\/143363","targetHints":{"allow":["GET"]}}],"collection":[{"href":"https:\/\/linitiative.ca\/International\/wp-json\/wp\/v2\/posts"}],"about":[{"href":"https:\/\/linitiative.ca\/International\/wp-json\/wp\/v2\/types\/post"}],"author":[{"embeddable":true,"href":"https:\/\/linitiative.ca\/International\/wp-json\/wp\/v2\/users\/1813"}],"replies":[{"embeddable":true,"href":"https:\/\/linitiative.ca\/International\/wp-json\/wp\/v2\/comments?post=143363"}],"version-history":[{"count":0,"href":"https:\/\/linitiative.ca\/International\/wp-json\/wp\/v2\/posts\/143363\/revisions"}],"wp:attachment":[{"href":"https:\/\/linitiative.ca\/International\/wp-json\/wp\/v2\/media?parent=143363"}],"wp:term":[{"taxonomy":"category","embeddable":true,"href":"https:\/\/linitiative.ca\/International\/wp-json\/wp\/v2\/categories?post=143363"},{"taxonomy":"post_tag","embeddable":true,"href":"https:\/\/linitiative.ca\/International\/wp-json\/wp\/v2\/tags?post=143363"}],"curies":[{"name":"wp","href":"https:\/\/api.w.org\/{rel}","templated":true}]}}