{"id":143369,"date":"2022-03-17T08:03:38","date_gmt":"2022-03-17T12:03:38","guid":{"rendered":"https:\/\/linitiative.ca\/International\/mali-les-medias-rfi-et-france-24-suspendus-pour-destabilisation-de-la-transition\/"},"modified":"2022-03-17T08:03:38","modified_gmt":"2022-03-17T12:03:38","slug":"mali-les-medias-rfi-et-france-24-suspendus-pour-destabilisation-de-la-transition","status":"publish","type":"post","link":"https:\/\/linitiative.ca\/International\/mali-les-medias-rfi-et-france-24-suspendus-pour-destabilisation-de-la-transition\/","title":{"rendered":"\u00a0Mali\u00a0: Les m\u00e9dias\u00a0 RFI et France 24 suspendus pour d\u00e9stabilisation de la Transition"},"content":{"rendered":"<div>\n<p>Le gouvernement du Mali a, dans un communiqu\u00e9, annonc\u00e9 la suspension\u00a0\u00a0 des m\u00e9dias fran\u00e7ais RFI et France 24.Les autorit\u00e9s maliennes reprochent \u00e0 ces organes de presse d\u2019ethniciser l\u2019ins\u00e9curit\u00e9 au Mali en diffusant de fausses all\u00e9gations contre les Forces arm\u00e9es maliennes (FAMa).Selon la junte au pouvoir, l\u2019objectif de ces m\u00e9dias vise \u00e0 discr\u00e9diter les FAMa, \u00e0 d\u00e9stabiliser la Transition et \u00e0 d\u00e9moraliser le peuple malien. Il est\u00a0 \u00e9galement interdit aux m\u00e9dias maliens (radios, t\u00e9l\u00e9visions, sites d\u2019information et journaux) de rediffuser ou de publier des \u00e9missions et articles de RFI et France 24.<\/p>\n<p><strong>La R\u00e9daction<\/strong><\/p>\n<p><img decoding=\"async\" loading=\"lazy\" class=\"alignnone wp-image-46850 size-full\" src=\"https:\/\/linitiative.ca\/International\/wp-content\/uploads\/sites\/23\/2022\/03\/PHH-MALI.jpeg\" alt=\"\" width=\"720\" height=\"932\" srcset=\"https:\/\/linitiative.ca\/International\/wp-content\/uploads\/sites\/23\/2022\/03\/PHH-MALI.jpeg 720w, https:\/\/www.sidwaya.info\/wp-content\/uploads\/2022\/03\/PHH-MALI-232x300.jpeg 232w, https:\/\/www.sidwaya.info\/wp-content\/uploads\/2022\/03\/PHH-MALI-150x194.jpeg 150w, https:\/\/www.sidwaya.info\/wp-content\/uploads\/2022\/03\/PHH-MALI-300x388.jpeg 300w, https:\/\/www.sidwaya.info\/wp-content\/uploads\/2022\/03\/PHH-MALI-696x901.jpeg 696w, https:\/\/www.sidwaya.info\/wp-content\/uploads\/2022\/03\/PHH-MALI-324x420.jpeg 324w\" sizes=\"auto, (max-width: 720px) 100vw, 720px\"><\/p>\n<p>L\u2019article <a rel=\"nofollow\" href=\"https:\/\/www.sidwaya.info\/blog\/2022\/03\/17\/mali-les-medias-rfi-et-france-24-suspendus-pour-destabilisation-de-la-transition\/\">\u00a0Mali\u00a0: Les m\u00e9dias\u00a0 RFI et France 24 suspendus pour d\u00e9stabilisation de la Transition<\/a> est apparu en premier sur <a rel=\"nofollow\" href=\"https:\/\/www.sidwaya.info\/\">Quotidien Sidwaya<\/a>.<\/p>\n<\/div>\n<p>Auteur: Wamini SIDWAYA<br \/>\n<a href=\"https:\/\/www.sidwaya.info\/blog\/2022\/03\/17\/mali-les-medias-rfi-et-france-24-suspendus-pour-destabilisation-de-la-transition\/?utm_source=rss&#038;utm_medium=rss&#038;utm_campaign=mali-les-medias-rfi-et-france-24-suspendus-pour-destabilisation-de-la-transition\">Cliquez ici pour lire l&rsquo;article depuis sa source.<\/a><\/p>\n","protected":false},"excerpt":{"rendered":"<p>Le gouvernement du Mali a, dans un communiqu\u00e9, annonc\u00e9 la suspension\u00a0\u00a0 des m\u00e9dias fran\u00e7ais RFI et France 24.Les autorit\u00e9s maliennes reprochent \u00e0 ces organes de presse d\u2019ethniciser l\u2019ins\u00e9curit\u00e9 au Mali en diffusant de fausses all\u00e9gations contre les Forces arm\u00e9es maliennes (FAMa).Selon la junte au pouvoir, l\u2019objectif de ces m\u00e9dias vise \u00e0 discr\u00e9diter les FAMa, \u00e0 [&hellip;]<\/p>\n","protected":false},"author":1816,"featured_media":0,"comment_status":"closed","ping_status":"closed","sticky":false,"template":"","format":"standard","meta":{"fifu_image_url":"https:\/\/www.sidwaya.info\/wp-content\/uploads\/2022\/03\/PHH-MALI.jpeg","fifu_image_alt":"\u00a0Mali\u00a0: Les m\u00e9dias\u00a0 RFI et France 24 suspendus pour d\u00e9stabilisation de la Transition","footnotes":""},"categories":[73,81],"tags":[],"class_list":["post-143369","post","type-post","status-publish","format-standard","hentry","category-actualite","category-burkina-faso"],"_links":{"self":[{"href":"https:\/\/linitiative.ca\/International\/wp-json\/wp\/v2\/posts\/143369","targetHints":{"allow":["GET"]}}],"collection":[{"href":"https:\/\/linitiative.ca\/International\/wp-json\/wp\/v2\/posts"}],"about":[{"href":"https:\/\/linitiative.ca\/International\/wp-json\/wp\/v2\/types\/post"}],"author":[{"embeddable":true,"href":"https:\/\/linitiative.ca\/International\/wp-json\/wp\/v2\/users\/1816"}],"replies":[{"embeddable":true,"href":"https:\/\/linitiative.ca\/International\/wp-json\/wp\/v2\/comments?post=143369"}],"version-history":[{"count":0,"href":"https:\/\/linitiative.ca\/International\/wp-json\/wp\/v2\/posts\/143369\/revisions"}],"wp:attachment":[{"href":"https:\/\/linitiative.ca\/International\/wp-json\/wp\/v2\/media?parent=143369"}],"wp:term":[{"taxonomy":"category","embeddable":true,"href":"https:\/\/linitiative.ca\/International\/wp-json\/wp\/v2\/categories?post=143369"},{"taxonomy":"post_tag","embeddable":true,"href":"https:\/\/linitiative.ca\/International\/wp-json\/wp\/v2\/tags?post=143369"}],"curies":[{"name":"wp","href":"https:\/\/api.w.org\/{rel}","templated":true}]}}