{"id":143372,"date":"2022-03-17T10:32:53","date_gmt":"2022-03-17T14:32:53","guid":{"rendered":"https:\/\/linitiative.ca\/International\/greenpeace-et-ses-partenaires-denoncent-la-mise-en-concession-de-400-000-hectares-de-foret-au-cameroun\/"},"modified":"2022-03-17T10:32:53","modified_gmt":"2022-03-17T14:32:53","slug":"greenpeace-et-ses-partenaires-denoncent-la-mise-en-concession-de-400-000-hectares-de-foret-au-cameroun","status":"publish","type":"post","link":"https:\/\/linitiative.ca\/International\/greenpeace-et-ses-partenaires-denoncent-la-mise-en-concession-de-400-000-hectares-de-foret-au-cameroun\/","title":{"rendered":"Greenpeace et ses partenaires d\u00e9noncent la mise en concession de 400 000 hectares de for\u00eat au Cameroun"},"content":{"rendered":"<div>\n<p>Greenpeace Afrique (GPA) et ses partenaires Green Development Advocates (GDA) et Service d\u2019appui aux initiatives locales de d\u00e9veloppement (Saild). Un caillou dans la chaussure du gouvernement camerounais. Comme \u00e0 leur habitude, les trois organisations qui disent promouvoir la protection de la biodiversit\u00e9 viennent de commettre un autre communiqu\u00e9 contre le Minfof. En cause, le lancement par ce dernier, le 16 d\u00e9cembre 2021, d\u2019n avis d\u2019appel d\u2019offres pour l\u2019attribution en exploitation de cinq concessions foresti\u00e8res repr\u00e9sentant environ 400 000 ha dans les r\u00e9gions de l\u2019Est et du Centre, soit quatre unit\u00e9s foresti\u00e8res d\u2019am\u00e9nagement (UFA) de la r\u00e9gion de l\u2019Est et une dans le Centre. Par ailleurs, pour combler les pertes dont ont \u00e9t\u00e9 victimes les exploitants de bois exer\u00e7ant dans ces r\u00e9gions en raison de la situation s\u00e9curitaire peu stable ces derni\u00e8res ann\u00e9es, l\u2019Etat a pris la d\u00e9cision d\u2019ouvrir quatre autres UFA uniquement\u00a0 aux \u00ab\u00a0soci\u00e9t\u00e9s ayant des UFA dans les r\u00e9gions du Nord-Ouest et du Sud-Ouest (NoSo)\u00a0\u00bb.<\/p>\n<p><strong>Lire aussi<\/strong> : <strong><a href=\"https:\/\/ecomatin.net\/exploitation-illegale-du-bois-le-coup-depee-dans-leau-datanga-nji\/\">Exploitation ill\u00e9gale du bois: le coup d\u2019\u00e9p\u00e9e dans l\u2019eau d\u2019Atanga Nji<\/a><\/strong><\/p>\n<p>C\u2019est ce processus que veulent bloquer, ou tout simplement annuler, GPA, GDA et Saild dans un communiqu\u00e9 conjoint rendu public le mercredi 16 mars 2022. Excipant, selon GPA, de ce qu\u2019\u00ab\u00a0allouer cette superficie de for\u00eat\u00a0 qui prend pour argument la crise dans le NoSo est contradictoire et paradoxal dans un contexte o\u00f9 cette mesure fait peser des menaces sur les riverains et la biodiversit\u00e9\u00a0\u00bb. Pour GDA, \u00ab\u00a0c\u2019est insoucieux\u00a0 de continuer d\u2019exploiter la for\u00eat au nom du d\u00e9veloppement, quand on sait que ces activit\u00e9s ne b\u00e9n\u00e9ficient qu\u2019\u00e0 un cercle tr\u00e8s restreint de personnes. La for\u00eat n\u2019est pas une ressource illimit\u00e9e \u00bb. Saild, enfonce le clou\u00a0: \u00ab\u00a0La politique foresti\u00e8re du gouvernement viole l\u2019ensemble des engagements internationaux du Cameroun en la mati\u00e8re. La solution du d\u00e9veloppement ne se trouve pas dans la destruction de la for\u00eat. Le Cameroun peut se d\u00e9velopper sans se d\u00e9truire\u00a0\u00bb.<\/p>\n<p><strong>Choix corn\u00e9lien<\/strong><\/p>\n<p>\u00ab\u00a0Un choix corn\u00e9lien pour nos pays pauvres qui comptent entre autres sur l\u2019exploitation foresti\u00e8re pour se d\u00e9velopper\u00a0\u00bb, confie un responsable du Minfof. Notre source souligne que \u00ab\u00a0nous ne pouvons pas arr\u00eater de compter sur les for\u00eats alors qu\u2019elles g\u00e9n\u00e8rent richesse et emplois. Dans nos villages, il y a un r\u00e9el engouement d\u00e8s l\u2019arriv\u00e9e d\u2019un exploitant forestier. Cependant, nous sommes conscients qu\u2019il faut encadrer l\u2019activit\u00e9 comme dans tous les secteurs au Cameroun. Le Minfof a une brigade nationale et des d\u00e9membrements pour veiller au respect des cahiers de charges\u00a0\u00bb.<\/p>\n<p>Le communiqu\u00e9 de Greenpeace Afrique et ses partenaires est publi\u00e9 alors que le Cameroun s\u2019appr\u00eate \u00e0 c\u00e9l\u00e9brer la journ\u00e9e internationale des for\u00eats (institu\u00e9e en 2012 par l\u2019assembl\u00e9e g\u00e9n\u00e9rale de l\u2019Organisation des Nations unies (ONU), ndlr) sur le th\u00e8me \u00ab\u00a0Les for\u00eats et une production et une consommation durables\u00a0\u00bb. Pour l\u2019\u00e9dition 2022, l\u2019ONU appelle \u00e0 \u00ab\u00a0choisir un bois durable pour les personnes et la plan\u00e8te\u00a0\u00bb.<\/p>\n<p><strong>Lire aussi<\/strong> : <strong><a href=\"https:\/\/ecomatin.net\/taxe-dabattage-le-bois-camerounais-encore-plus-cher-en-2019\/\" rel=\"sponsored nofollow\">Taxe d\u2019abattage: le bois camerounais encore plus cher en 2019<\/a><\/strong><\/p>\n<p>Pour rappel, selon le document sur la \u00ab\u00a0Situation des indicateurs de d\u00e9veloppement durable au Cameroun, \u00e9dition 2021\u00a0\u00bb \u00e9labor\u00e9 par le minist\u00e8re de l\u2019Economie, de la Planification et de l\u2019Am\u00e9nagement du territoire (Minepat), \u00ab\u00a0en 2017, les superficies foresti\u00e8res occupent 47% de la superficie terrestre du Cameroun, la superficie foresti\u00e8re sous am\u00e9nagement est de 6 861 391 ha soit 14,41% de la superficie terrestre (2015) et, sur la p\u00e9riode 2008 \u00e0 2016, la superficie des terres d\u00e9grad\u00e9es est estim\u00e9e \u00e0 120 millions d\u2019ha\u00a0\u00bb. Par ailleurs, selon un document publi\u00e9 en octobre 2018 par le Port autonome de Kribi, le secteur forestier camerounais a contribu\u00e9 \u00e0 plus de 3% au produit int\u00e9rieur brut (PIB) au Cameroun entre 2016 et 2017. Une contribution sup\u00e9rieure \u00e0 celle, par exemple, du secteur minier hors p\u00e9trole qui \u00e9tait de\u00a00,18%\u00a0du PIB en 2010.<\/p>\n<p>L\u2019article <a rel=\"nofollow\" href=\"https:\/\/ecomatin.net\/greenpeace-et-ses-partenaires-denoncent-la-mise-en-concession-de-400-000-hectares-de-foret-au-cameroun\/\">Greenpeace et ses partenaires d\u00e9noncent la mise en concession de 400 000 hectares de for\u00eat au Cameroun<\/a> est apparu en premier sur <a rel=\"nofollow\" href=\"https:\/\/ecomatin.net\/\">EcoMatin<\/a>.<\/p>\n<\/div>\n<p>Auteur: Bernard Bangda<br \/>\n<a href=\"https:\/\/ecomatin.net\/greenpeace-et-ses-partenaires-denoncent-la-mise-en-concession-de-400-000-hectares-de-foret-au-cameroun\/\">Cliquez ici pour lire l&rsquo;article depuis sa source.<\/a><\/p>\n","protected":false},"excerpt":{"rendered":"<p>Greenpeace Afrique (GPA) et ses partenaires Green Development Advocates (GDA) et Service d\u2019appui aux initiatives locales de d\u00e9veloppement (Saild). Un caillou dans la chaussure du gouvernement camerounais. Comme \u00e0 leur habitude, les trois organisations qui disent promouvoir la protection de la biodiversit\u00e9 viennent de commettre un autre communiqu\u00e9 contre le Minfof. En cause, le lancement [&hellip;]<\/p>\n","protected":false},"author":1969,"featured_media":0,"comment_status":"closed","ping_status":"closed","sticky":false,"template":"","format":"standard","meta":{"fifu_image_url":"","fifu_image_alt":"","footnotes":""},"categories":[82,78],"tags":[],"class_list":["post-143372","post","type-post","status-publish","format-standard","hentry","category-cameroun","category-economie"],"_links":{"self":[{"href":"https:\/\/linitiative.ca\/International\/wp-json\/wp\/v2\/posts\/143372","targetHints":{"allow":["GET"]}}],"collection":[{"href":"https:\/\/linitiative.ca\/International\/wp-json\/wp\/v2\/posts"}],"about":[{"href":"https:\/\/linitiative.ca\/International\/wp-json\/wp\/v2\/types\/post"}],"author":[{"embeddable":true,"href":"https:\/\/linitiative.ca\/International\/wp-json\/wp\/v2\/users\/1969"}],"replies":[{"embeddable":true,"href":"https:\/\/linitiative.ca\/International\/wp-json\/wp\/v2\/comments?post=143372"}],"version-history":[{"count":0,"href":"https:\/\/linitiative.ca\/International\/wp-json\/wp\/v2\/posts\/143372\/revisions"}],"wp:attachment":[{"href":"https:\/\/linitiative.ca\/International\/wp-json\/wp\/v2\/media?parent=143372"}],"wp:term":[{"taxonomy":"category","embeddable":true,"href":"https:\/\/linitiative.ca\/International\/wp-json\/wp\/v2\/categories?post=143372"},{"taxonomy":"post_tag","embeddable":true,"href":"https:\/\/linitiative.ca\/International\/wp-json\/wp\/v2\/tags?post=143372"}],"curies":[{"name":"wp","href":"https:\/\/api.w.org\/{rel}","templated":true}]}}