{"id":143373,"date":"2022-03-17T10:43:29","date_gmt":"2022-03-17T14:43:29","guid":{"rendered":"https:\/\/linitiative.ca\/International\/en-partenariat-avec-the-muntu-institute-lassociation-2mc-lance-un-prix-pour-recompenser-le-meilleur-article-de-presse-en-economie-et-finance\/"},"modified":"2022-03-17T10:43:29","modified_gmt":"2022-03-17T14:43:29","slug":"en-partenariat-avec-the-muntu-institute-lassociation-2mc-lance-un-prix-pour-recompenser-le-meilleur-article-de-presse-en-economie-et-finance","status":"publish","type":"post","link":"https:\/\/linitiative.ca\/International\/en-partenariat-avec-the-muntu-institute-lassociation-2mc-lance-un-prix-pour-recompenser-le-meilleur-article-de-presse-en-economie-et-finance\/","title":{"rendered":"En partenariat avec The Muntu Institute : l\u2019association 2MC lance un prix pour r\u00e9compenser le meilleur article de presse en \u00e9conomie et finance"},"content":{"rendered":"<div>\n<p>Pour une deuxi\u00e8me fois, l\u2019association M\u00e9dias, M\u00e9diations et Citoyennet\u00e9 (2MC), en partenariat avec The Muntu Institute, lance le prix du meilleur article de presse \u00e9crite d\u2019\u00e9conomie et finance dans les cat\u00e9gories \u00ab enqu\u00eate \u00bb et \u00ab reportage \u00bb. Apr\u00e8s la premi\u00e8re r\u00e9alisatrice de l\u2019Afrique subsaharienne, Th\u00e9r\u00e8se Sita Bella (1933-2006), lors de la premi\u00e8re \u00e9dition de 2019, cette ann\u00e9e, le 2MC et The Muntu Institute rendent un hommage concomitant \u00e0 Castor Osend\u00e9 Afana (1930-1966), \u00e9conomiste et nationaliste camerounais \u00e9rig\u00e9 au rang de h\u00e9ros national par ses compatriotes, et \u00e0 Joseph Tchundjang Pouemi (1937-1984), premier agr\u00e9g\u00e9 de droit et de science \u00e9conomique camerounais .<\/p>\n<p>Selon la note d\u2019information publi\u00e9e le 11 mars 2022 par 2MC, le \u00ab\u00a0Grand prix Osend\u00e9 Afana et Tchundjang Pouemi\u00a0\u00bb est ouvert aux \u00e9tudiants de premier cycle en journalisme des institutions universitaires priv\u00e9es et publiques du continent africain des deux genres. Ces derniers seront \u00e9valu\u00e9s \u00e0 la base des articles de presse \u00e9crite r\u00e9dig\u00e9s en anglais ou en fran\u00e7ais.<\/p>\n<p>Pour ce qui est des conditions d\u2019\u00e9ligibilit\u00e9, tout candidat d\u00e9sireux de participer \u00e0 ce concours devrait tout d\u2019abord mettre \u00e0 la disposition du comit\u00e9 d\u2019organisation un texte respectant l\u2019une des deux cat\u00e9gories susmentionn\u00e9es (reportage ou enqu\u00eate). Ensuite, les articles r\u00e9dig\u00e9s ne devraient pas exc\u00e9der 6000 signes et l\u2019auteur devrait \u00e9viter tout plagiat. Une fois le texte r\u00e9dig\u00e9, les \u00e9tudiants devraient garder en toute s\u00e9curit\u00e9 le copyright (droit d\u2019exploitation). Les articles sont attendus au plus tard le 10 avril 2022 \u00e0 minuit.<\/p>\n<p>La suite r\u00e9serv\u00e9e \u00e0 chacun des articles re\u00e7us sera d\u00e9cid\u00e9e par \u00ab\u00a0un jury international constitu\u00e9 des universitaires, experts de haut niveau en \u00e9conomie\/finance et journalistes de renom\u00a0\u00bb. 2MC indique que ce \u00ab\u00a0ce jury est pr\u00e9sid\u00e9 par Kako Nubupko, Professeur d\u2019\u00e9conomie, directeur de l\u2019Observatoire de l\u2019Afrique subsaharienne de la Fondation Jean-Jaur\u00e8s, ancien ministre de la prospection et de l\u2019\u00e9valuation des politiques publiques du Togo\u00a0\u00bb. Tout compte fait, c\u2019est le 25 avril 2022 que les candidats sauront le sort r\u00e9serv\u00e9 \u00e0 leurs articles, lorsque le jury aura d\u00e9lib\u00e9r\u00e9 et que les r\u00e9sultats seront publi\u00e9s. Le 3 mai 2022, \u00e0 l\u2019occasion de la c\u00e9l\u00e9bration de la journ\u00e9e internationale de la Libert\u00e9 de la presse, les laur\u00e9ats recevront leur prix. Comme Iris Sossoukpe du B\u00e9nin et Nkoue Som Modeste Bont\u00e9 du Cameroun en 2019 pour le \u00ab\u00a0Grand prix Sita Bella\u00a0\u00bb.<\/p>\n<p>L\u2019article <a rel=\"nofollow\" href=\"https:\/\/ecomatin.net\/en-partenariat-avec-the-muntu-institute-lassociation-n-2mc-lance-un-prix-pour-r-recompenser-le-meilleur-article-de-presse-en-economie-et-finance\/\">En partenariat avec The Muntu Institute : l\u2019association 2MC lance un prix pour r\u00e9compenser le meilleur article de presse en \u00e9conomie et finance<\/a> est apparu en premier sur <a rel=\"nofollow\" href=\"https:\/\/ecomatin.net\/\">EcoMatin<\/a>.<\/p>\n<\/div>\n<p>Auteur: Mairamou Abdou<br \/>\n<a href=\"https:\/\/ecomatin.net\/en-partenariat-avec-the-muntu-institute-lassociation-n-2mc-lance-un-prix-pour-r-recompenser-le-meilleur-article-de-presse-en-economie-et-finance\/\">Cliquez ici pour lire l&rsquo;article depuis sa source.<\/a><\/p>\n","protected":false},"excerpt":{"rendered":"<p>Pour une deuxi\u00e8me fois, l\u2019association M\u00e9dias, M\u00e9diations et Citoyennet\u00e9 (2MC), en partenariat avec The Muntu Institute, lance le prix du meilleur article de presse \u00e9crite d\u2019\u00e9conomie et finance dans les cat\u00e9gories \u00ab enqu\u00eate \u00bb et \u00ab reportage \u00bb. Apr\u00e8s la premi\u00e8re r\u00e9alisatrice de l\u2019Afrique subsaharienne, Th\u00e9r\u00e8se Sita Bella (1933-2006), lors de la premi\u00e8re \u00e9dition de [&hellip;]<\/p>\n","protected":false},"author":1969,"featured_media":0,"comment_status":"closed","ping_status":"closed","sticky":false,"template":"","format":"standard","meta":{"fifu_image_url":"","fifu_image_alt":"","footnotes":""},"categories":[82,78],"tags":[],"class_list":["post-143373","post","type-post","status-publish","format-standard","hentry","category-cameroun","category-economie"],"_links":{"self":[{"href":"https:\/\/linitiative.ca\/International\/wp-json\/wp\/v2\/posts\/143373","targetHints":{"allow":["GET"]}}],"collection":[{"href":"https:\/\/linitiative.ca\/International\/wp-json\/wp\/v2\/posts"}],"about":[{"href":"https:\/\/linitiative.ca\/International\/wp-json\/wp\/v2\/types\/post"}],"author":[{"embeddable":true,"href":"https:\/\/linitiative.ca\/International\/wp-json\/wp\/v2\/users\/1969"}],"replies":[{"embeddable":true,"href":"https:\/\/linitiative.ca\/International\/wp-json\/wp\/v2\/comments?post=143373"}],"version-history":[{"count":0,"href":"https:\/\/linitiative.ca\/International\/wp-json\/wp\/v2\/posts\/143373\/revisions"}],"wp:attachment":[{"href":"https:\/\/linitiative.ca\/International\/wp-json\/wp\/v2\/media?parent=143373"}],"wp:term":[{"taxonomy":"category","embeddable":true,"href":"https:\/\/linitiative.ca\/International\/wp-json\/wp\/v2\/categories?post=143373"},{"taxonomy":"post_tag","embeddable":true,"href":"https:\/\/linitiative.ca\/International\/wp-json\/wp\/v2\/tags?post=143373"}],"curies":[{"name":"wp","href":"https:\/\/api.w.org\/{rel}","templated":true}]}}