{"id":143374,"date":"2022-03-17T10:58:45","date_gmt":"2022-03-17T14:58:45","guid":{"rendered":"https:\/\/linitiative.ca\/International\/le-minfi-dement-la-fermeture-des-etablissements-de-microfinance-au-cameroun\/"},"modified":"2022-03-17T10:58:45","modified_gmt":"2022-03-17T14:58:45","slug":"le-minfi-dement-la-fermeture-des-etablissements-de-microfinance-au-cameroun","status":"publish","type":"post","link":"https:\/\/linitiative.ca\/International\/le-minfi-dement-la-fermeture-des-etablissements-de-microfinance-au-cameroun\/","title":{"rendered":"Le Minfi d\u00e9ment la fermeture des \u00e9tablissements de Microfinance au Cameroun"},"content":{"rendered":"<div>\n<p>Depuis quelques jours, les m\u00e9dias et les r\u00e9seaux sociaux en avaient fait leurs choux gras. Le Minfi a mis fin \u00e0 la rumeur\u00a0: \u00ab\u00a0Le Minfi apporte un d\u00e9menti formel aux all\u00e9gations faisant \u00e9tat de la fermeture de 34 EMF\u00a0\u00bb. Dans son communiqu\u00e9 \u00e0 propos rendu public le mardi 15 mars 2022, Louis Paul Motaze indique que \u00ab\u00a0de telles all\u00e9gations sont susceptibles de jeter le discr\u00e9dit sur le secteur de la microfinance dont la stabilit\u00e9 se raffermit progressivement gr\u00e2ce aux actions d\u2019assainissement entreprises et conduites par les pouvoirs publics\u00a0\u00bb.<\/p>\n<p><strong>Lire aussi<\/strong> : <strong><a href=\"https:\/\/ecomatin.net\/interoperabilite-le-gimac-revendique-111-millions-de-transactions-pour-un-montant-de-494-milliards-de-f\/\">Interop\u00e9rabilit\u00e9 : le Gimac revendique 11,1 millions de transactions pour un montant de 494 milliards de F<\/a><\/strong><\/p>\n<p>Le Minfi met \u00e0 profit la situation pour rappeler \u00ab\u00a0\u00e0 toutes fins utiles\u00a0\u00bb que \u00ab\u00a0la publication de la liste des EMF agr\u00e9\u00e9s reste et demeure une pr\u00e9rogative exclusive de l\u2019Autorit\u00e9 mon\u00e9taire, selon un formalisme appropri\u00e9 et conforme aux dispositions r\u00e8glementaires qui l\u2019encadrent\u00a0\u00bb. Louis Paul Motaze r\u00e9v\u00e8le alors que \u00ab\u00a0des diligences y aff\u00e9rentes sont en cours pour le compte du premier trimestre 2022\u00a0\u00bb.<\/p>\n<p>En reconnaissant que \u00ab\u00a0cette situation est quelque peu compromettante\u00a0\u00bb, le Minfi rassure la client\u00e8le des EMF et les invite \u00e0 \u00ab\u00a0poursuivre sereinement leurs op\u00e9rations bancaires\u00a0\u00bb.<\/p>\n<p><strong>Lire aussi <\/strong>: <strong><a href=\"https:\/\/ecomatin.net\/cemac-les-microfinances-a-la-merci-de-la-covid-19\/\">Cemac : les microfinances \u00e0 la merci de la Covid-19<\/a><\/strong><\/p>\n<p>Pour finir le communiqu\u00e9 du Minfi rappelle que \u00ab\u00a0les actions d\u2019assainissement entreprises de concert avec les organismes sous-r\u00e9gionaux de contr\u00f4le, le Comit\u00e9 national \u00e9conomique et financier (CNEF) et l\u2019Association nationale des EMF (Anemcam) se poursuivront dans l\u2019optique du renforcement de la stabilit\u00e9 du secteur\u00a0\u00bb.<\/p>\n<p>Pour rappel, selon une liste des EMF agr\u00e9\u00e9s au Cameroun dress\u00e9e par la division de la microfinance de la direction g\u00e9n\u00e9rale du Tr\u00e9sor et de la Coop\u00e9ration mon\u00e9taire et financi\u00e8re du Minfi, au 30 juin 2019, le pays comptait 419 EMF.<\/p>\n<p>L\u2019article <a rel=\"nofollow\" href=\"https:\/\/ecomatin.net\/le-minfi-dement-la-fermeture-des-etablissements-s-de-microfinance-au-cameroun\/\">Le Minfi d\u00e9ment la fermeture des \u00e9tablissements de Microfinance au Cameroun<\/a> est apparu en premier sur <a rel=\"nofollow\" href=\"https:\/\/ecomatin.net\/\">EcoMatin<\/a>.<\/p>\n<\/div>\n<p>Auteur: Bernard Bangda<br \/>\n<a href=\"https:\/\/ecomatin.net\/le-minfi-dement-la-fermeture-des-etablissements-s-de-microfinance-au-cameroun\/\">Cliquez ici pour lire l&rsquo;article depuis sa source.<\/a><\/p>\n","protected":false},"excerpt":{"rendered":"<p>Depuis quelques jours, les m\u00e9dias et les r\u00e9seaux sociaux en avaient fait leurs choux gras. Le Minfi a mis fin \u00e0 la rumeur\u00a0: \u00ab\u00a0Le Minfi apporte un d\u00e9menti formel aux all\u00e9gations faisant \u00e9tat de la fermeture de 34 EMF\u00a0\u00bb. Dans son communiqu\u00e9 \u00e0 propos rendu public le mardi 15 mars 2022, Louis Paul Motaze indique [&hellip;]<\/p>\n","protected":false},"author":1969,"featured_media":0,"comment_status":"closed","ping_status":"closed","sticky":false,"template":"","format":"standard","meta":{"fifu_image_url":"","fifu_image_alt":"","footnotes":""},"categories":[82,78],"tags":[],"class_list":["post-143374","post","type-post","status-publish","format-standard","hentry","category-cameroun","category-economie"],"_links":{"self":[{"href":"https:\/\/linitiative.ca\/International\/wp-json\/wp\/v2\/posts\/143374","targetHints":{"allow":["GET"]}}],"collection":[{"href":"https:\/\/linitiative.ca\/International\/wp-json\/wp\/v2\/posts"}],"about":[{"href":"https:\/\/linitiative.ca\/International\/wp-json\/wp\/v2\/types\/post"}],"author":[{"embeddable":true,"href":"https:\/\/linitiative.ca\/International\/wp-json\/wp\/v2\/users\/1969"}],"replies":[{"embeddable":true,"href":"https:\/\/linitiative.ca\/International\/wp-json\/wp\/v2\/comments?post=143374"}],"version-history":[{"count":0,"href":"https:\/\/linitiative.ca\/International\/wp-json\/wp\/v2\/posts\/143374\/revisions"}],"wp:attachment":[{"href":"https:\/\/linitiative.ca\/International\/wp-json\/wp\/v2\/media?parent=143374"}],"wp:term":[{"taxonomy":"category","embeddable":true,"href":"https:\/\/linitiative.ca\/International\/wp-json\/wp\/v2\/categories?post=143374"},{"taxonomy":"post_tag","embeddable":true,"href":"https:\/\/linitiative.ca\/International\/wp-json\/wp\/v2\/tags?post=143374"}],"curies":[{"name":"wp","href":"https:\/\/api.w.org\/{rel}","templated":true}]}}