{"id":143377,"date":"2022-03-18T06:28:31","date_gmt":"2022-03-18T10:28:31","guid":{"rendered":"https:\/\/linitiative.ca\/International\/les-inspiratrices-5-000-femmes-inspirees-en-une-annee\/"},"modified":"2022-03-18T06:28:31","modified_gmt":"2022-03-18T10:28:31","slug":"les-inspiratrices-5-000-femmes-inspirees-en-une-annee","status":"publish","type":"post","link":"https:\/\/linitiative.ca\/International\/les-inspiratrices-5-000-femmes-inspirees-en-une-annee\/","title":{"rendered":"Les Inspiratrices: 5.000 femmes inspir\u00e9es en une ann\u00e9e"},"content":{"rendered":"<div>\n<p><img loading=\"lazy\" decoding=\"async\" width=\"300\" height=\"153\" src=\"https:\/\/linitiative.ca\/International\/wp-content\/uploads\/sites\/23\/2022\/03\/Les-Inspiratrices-300x153-1.jpg\" class=\"attachment-medium size-medium wp-post-image\" alt=\"\" srcset=\"https:\/\/linitiative.ca\/International\/wp-content\/uploads\/sites\/23\/2022\/03\/Les-Inspiratrices-300x153-1.jpg 300w, https:\/\/aujourdhui.ma\/wp-content\/uploads\/2022\/03\/Les-Inspiratrices-274x140.jpg 274w, https:\/\/aujourdhui.ma\/wp-content\/uploads\/2022\/03\/Les-Inspiratrices.jpg 746w, https:\/\/aujourdhui.ma\/wp-content\/uploads\/2022\/03\/Les-Inspiratrices-165x84.jpg 165w, https:\/\/aujourdhui.ma\/wp-content\/uploads\/2022\/03\/Les-Inspiratrices-702x358.jpg 702w\" sizes=\"auto, (max-width: 300px) 100vw, 300px\"><\/p>\n<p><span style=\"font-size: 20px; color: #800000;\"><strong>\u00abLes Inspiratrices\u00bb souffle sa premi\u00e8re ann\u00e9e d\u2019engagement pour le leadership au f\u00e9minin. F\u00e9vrier 2021 marque en effet le lancement de ce podcast destin\u00e9 aux femmes marocaines et de la franconphonie, et ce \u00e0 l\u2019initiative de Le\u00efla Bazzi, actrice engag\u00e9e pour la mixit\u00e9 et l\u2019\u00e9galit\u00e9 professionnelle au quotidien.<\/strong> <\/span><span id=\"more-402799\"><\/span><\/p>\n<p>\u00abDepuis d\u00e9j\u00e0 quelques ann\u00e9es, j\u2019anime des conf\u00e9rences et formations au profit de personnes souhaitant d\u00e9buter ou booster leur carri\u00e8re professionnelle ou voulant s\u2019engager dans une nouvelle direction. Avec l\u2019arriv\u00e9e de la pand\u00e9mie, il a \u00e9t\u00e9 impossible de continuer \u00e0 organiser ces rencontres physiques et c\u2019est de l\u00e0 qu\u2019est n\u00e9e l\u2019id\u00e9e de lancer le podcast Les Inspiratrices, un format tr\u00e8s appr\u00e9ci\u00e9 et pratique car offrant plus de libert\u00e9. Je suis aujourd\u2019hui fi\u00e8re d\u2019avoir inspir\u00e9 autant de femmes en seulement une ann\u00e9e et d\u2019avoir pu participer, d\u2019une mani\u00e8re ou d\u2019une autre, au d\u00e9veloppement de leur carri\u00e8re\u00bb, explique Le\u00efla Bazzi.<\/p>\n<\/div>\n<p>Auteur: ALM<br \/>\n<a href=\"https:\/\/aujourdhui.ma\/economie\/les-inspiratrices-5-000-femmes-inspirees-en-une-annee\">Cliquez ici pour lire l&rsquo;article depuis sa source.<\/a><\/p>\n","protected":false},"excerpt":{"rendered":"<p>\u00abLes Inspiratrices\u00bb souffle sa premi\u00e8re ann\u00e9e d\u2019engagement pour le leadership au f\u00e9minin. F\u00e9vrier 2021 marque en effet le lancement de ce podcast destin\u00e9 aux femmes marocaines et de la franconphonie, et ce \u00e0 l\u2019initiative de Le\u00efla Bazzi, actrice engag\u00e9e pour la mixit\u00e9 et l\u2019\u00e9galit\u00e9 professionnelle au quotidien. \u00abDepuis d\u00e9j\u00e0 quelques ann\u00e9es, j\u2019anime des conf\u00e9rences et [&hellip;]<\/p>\n","protected":false},"author":1759,"featured_media":0,"comment_status":"closed","ping_status":"closed","sticky":false,"template":"","format":"standard","meta":{"fifu_image_url":"https:\/\/aujourdhui.ma\/wp-content\/uploads\/2022\/03\/Les-Inspiratrices-300x153.jpg","fifu_image_alt":"Les Inspiratrices: 5.000 femmes inspir\u00e9es en une ann\u00e9e","footnotes":""},"categories":[73,54],"tags":[],"class_list":["post-143377","post","type-post","status-publish","format-standard","hentry","category-actualite","category-maroc"],"_links":{"self":[{"href":"https:\/\/linitiative.ca\/International\/wp-json\/wp\/v2\/posts\/143377","targetHints":{"allow":["GET"]}}],"collection":[{"href":"https:\/\/linitiative.ca\/International\/wp-json\/wp\/v2\/posts"}],"about":[{"href":"https:\/\/linitiative.ca\/International\/wp-json\/wp\/v2\/types\/post"}],"author":[{"embeddable":true,"href":"https:\/\/linitiative.ca\/International\/wp-json\/wp\/v2\/users\/1759"}],"replies":[{"embeddable":true,"href":"https:\/\/linitiative.ca\/International\/wp-json\/wp\/v2\/comments?post=143377"}],"version-history":[{"count":0,"href":"https:\/\/linitiative.ca\/International\/wp-json\/wp\/v2\/posts\/143377\/revisions"}],"wp:attachment":[{"href":"https:\/\/linitiative.ca\/International\/wp-json\/wp\/v2\/media?parent=143377"}],"wp:term":[{"taxonomy":"category","embeddable":true,"href":"https:\/\/linitiative.ca\/International\/wp-json\/wp\/v2\/categories?post=143377"},{"taxonomy":"post_tag","embeddable":true,"href":"https:\/\/linitiative.ca\/International\/wp-json\/wp\/v2\/tags?post=143377"}],"curies":[{"name":"wp","href":"https:\/\/api.w.org\/{rel}","templated":true}]}}