{"id":143379,"date":"2022-03-18T07:00:32","date_gmt":"2022-03-18T11:00:32","guid":{"rendered":"https:\/\/linitiative.ca\/International\/prisons-la-superficie-consacree-a-chaque-detenu-est-passee-de-1-67-m%c2%b2-a-2-m%c2%b2\/"},"modified":"2022-03-18T07:00:32","modified_gmt":"2022-03-18T11:00:32","slug":"prisons-la-superficie-consacree-a-chaque-detenu-est-passee-de-1-67-m%c2%b2-a-2-m%c2%b2","status":"publish","type":"post","link":"https:\/\/linitiative.ca\/International\/prisons-la-superficie-consacree-a-chaque-detenu-est-passee-de-1-67-m%c2%b2-a-2-m%c2%b2\/","title":{"rendered":"Prisons : La superficie consacr\u00e9e \u00e0 chaque d\u00e9tenu est pass\u00e9e de 1.67 m\u00b2 \u00e0 2 m\u00b2"},"content":{"rendered":"<div>\n<p><img loading=\"lazy\" decoding=\"async\" width=\"300\" height=\"153\" src=\"https:\/\/linitiative.ca\/International\/wp-content\/uploads\/sites\/23\/2022\/03\/Prison-Maroc-300x153-1.jpg\" class=\"attachment-medium size-medium wp-post-image\" alt=\"\" srcset=\"https:\/\/linitiative.ca\/International\/wp-content\/uploads\/sites\/23\/2022\/03\/Prison-Maroc-300x153-1.jpg 300w, https:\/\/aujourdhui.ma\/wp-content\/uploads\/2019\/11\/Prison-Maroc.jpg 746w\" sizes=\"auto, (max-width: 300px) 100vw, 300px\"><\/p>\n<p><span style=\"font-size: 20px; color: #800000;\"><strong>Hausse des d\u00e9c\u00e8s dans les \u00e9tablissements p\u00e9nitentiaires<\/strong> <\/span><br \/>\n<span id=\"more-402754\"><\/span><\/p>\n<p>La capacit\u00e9 d\u2019accueil globale des prisons a atteint plus de 169.000 m\u00e8tres carr\u00e9s en 2021, contre 120.780 m\u00e8tres carr\u00e9s en 2013, soit une augmentation de 40%. La superficie consacr\u00e9e \u00e0 chaque d\u00e9tenu est ainsi pass\u00e9e de 1.67 m\u00b2 \u00e0 2 m\u00b2. Quant au budget allou\u00e9 \u00e0 l\u2019alimentation de chaque d\u00e9tenu, celui-ci est pass\u00e9 de 12 \u00e0 23 dirhams, soit une augmentation de 92%. C\u2019est ce qui ressort du rapport sur la situation des prisons au Maroc men\u00e9 par le Centre d\u2019\u00e9tudes en droits humains et d\u00e9mocratie (CEDHD) et le Centre pour la gouvernance du secteur de la s\u00e9curit\u00e9 (DCAF). Concernant la surpopulation des prisons, le rapport mentionne que celle-ci peut atteindre 44 \u00e0 75% selon les \u00e9tablissements. Parmi les 77 \u00e9tablissements p\u00e9nitentiaires que compte le Maroc, seulement 18 ne d\u00e9passent pas leur capacit\u00e9 d\u2019accueil.<\/p>\n<p>Notons que 17 \u00e9tablissements p\u00e9nitentiaires ont un taux d\u2019occupation qui se situe entre 101% et 150% ; 13 ont un taux d\u2019occupation qui se situe entre 151% et 200% ; 19 \u00e9tablissements ont un taux d\u2019occupation qui varie entre 201% et 250%, 9 ont un taux d\u2019occupation qui se situe entre 251% et 300%. Signalons qu\u2019un \u00e9tablissement p\u00e9nitentiaire a un taux d\u2019occupation qui d\u00e9passe 300%. Par ailleurs, la dur\u00e9e moyenne de d\u00e9tention est pass\u00e9e de 8,43 mois en 2015 \u00e0 9,21 mois en 2019. Le surpeuplement carc\u00e9ral figure parmi les probl\u00e8mes chroniques dont souffrent les prisons marocaines et qui impacte de mani\u00e8re importante la qualit\u00e9 des prestations sanitaires. Il r\u00e9sulte essentiellement de l\u2019augmentation continue du nombre de la population carc\u00e9rale qui est pass\u00e9 de 74.039 \u00e0 86.384 entre 2015 et 2019, soit un taux d\u2019accroissement de 16,67%. En 2019, le Maroc a enregistr\u00e9 un taux d\u2019incarc\u00e9ration de 0,23%, un ratio qui reste parmi les plus \u00e9lev\u00e9s au monde. Le rapport pointe du doigt le recours accru \u00e0 la d\u00e9tention provisoire. Le taux des d\u00e9tenus pr\u00e9venus est pass\u00e9 de 39% en 2019 \u00e0 45,2% en 2020. Avec une moyenne de 40,04% de d\u00e9tenus \u00e0 titre pr\u00e9ventif pour la p\u00e9riode 2015-2019, la d\u00e9tention provisoire est une exception qui au Maroc tendrait, selon la DGAPR, \u00e0 devenir la r\u00e8gle g\u00e9n\u00e9rale. On note une nette pr\u00e9pond\u00e9rance pour les peines inf\u00e9rieures \u00e0 deux ans qui repr\u00e9sentent 66% des condamnations. Cette cat\u00e9gorie de d\u00e9tenus est souvent constitu\u00e9e de r\u00e9cidivistes, poursuivis pour des petits d\u00e9lits et sur qui l\u2019emprisonnement n\u2019a aucun effet.<\/p>\n<p><strong>213 d\u00e9c\u00e8s enregistr\u00e9s en 2020<\/strong><\/p>\n<p>Les cas de d\u00e9c\u00e8s sont en hausse, Les statistiques font \u00e9tat de 213 d\u00e9c\u00e8s en 2020 contre 169 en 2019. La plupart de ces d\u00e9c\u00e8s ont eu lieu dans les h\u00f4pitaux (entre 71% et 78%), alors que ceux qui sont survenus \u00e0 l\u2019int\u00e9rieur des prisons et des infirmeries p\u00e9nitentiaires ont vari\u00e9 entre 11% et 15% au cours des ann\u00e9es 2017-2019. Tous ces cas ont \u00e9t\u00e9 soumis aux proc\u00e9dures pr\u00e9vues par la loi, notamment la notification du minist\u00e8re public, sous le contr\u00f4le duquel une autopsie m\u00e9dicale a \u00e9t\u00e9 pratiqu\u00e9e par des m\u00e9decins sp\u00e9cialis\u00e9s. Les causes possibles et les motifs des cas de d\u00e9c\u00e8s diff\u00e9rent d\u2019un cas \u00e0 l\u2019autre (r\u00e9percussions de la gr\u00e8ve de la faim, violences mutuelles entre d\u00e9tenus, suicide, maladies mentales et psychologiques\u2026). Malgr\u00e9 les efforts entrepris ces derni\u00e8res ann\u00e9es, le rapport pointe du doigt les in\u00e9galit\u00e9s d\u2019acc\u00e8s des d\u00e9tenus aux soins, vu les disparit\u00e9s entre les \u00e9tablissements p\u00e9nitentiaires en termes d\u2019infrastructure, d\u2019\u00e9quipement et de ressources humaines, et de collaboration avec les Directions r\u00e9gionales de la sant\u00e9. L\u2019am\u00e9lioration de la couverture m\u00e9dicale des \u00e9tablissements p\u00e9nitentiaires figure parmi les d\u00e9fis de la DGAPR. Un appel annuel pour le recrutement du personnel m\u00e9dical, param\u00e9dical et des psychologues est lanc\u00e9. Malgr\u00e9 les recrutements annuels, l\u2019encadrement sanitaire ne s\u2019est pas am\u00e9lior\u00e9 \u00e0 cause des d\u00e9parts des m\u00e9decins (retraites, d\u00e9missions, mises en disponibilit\u00e9). L\u2019ann\u00e9e 2020 a \u00e9t\u00e9 marqu\u00e9e par le d\u00e9part de 13 m\u00e9decins. Notons qu\u2019au premier semestre 2021, il a \u00e9t\u00e9 proc\u00e9d\u00e9 au recrutement de 64 professionnels de sant\u00e9 (8 m\u00e9decins, 2 chirurgiens-dentistes, 50 infirmiers et 4 psychologues) contre 44 en 2020. Actuellement le personnel m\u00e9dical, param\u00e9dical et psychosocial dans les \u00e9tablissements p\u00e9nitentiaires se chiffre \u00e0 784.<\/p>\n<\/div>\n<p>Auteur: Laila Zerrour<br \/>\n<a href=\"https:\/\/aujourdhui.ma\/societe\/prisons-la-superficie-consacree-a-chaque-detenu-est-passee-de-1-67-m%C2%B2-a-2-m%C2%B2\">Cliquez ici pour lire l&rsquo;article depuis sa source.<\/a><\/p>\n","protected":false},"excerpt":{"rendered":"<p>Hausse des d\u00e9c\u00e8s dans les \u00e9tablissements p\u00e9nitentiaires La capacit\u00e9 d\u2019accueil globale des prisons a atteint plus de 169.000 m\u00e8tres carr\u00e9s en 2021, contre 120.780 m\u00e8tres carr\u00e9s en 2013, soit une augmentation de 40%. La superficie consacr\u00e9e \u00e0 chaque d\u00e9tenu est ainsi pass\u00e9e de 1.67 m\u00b2 \u00e0 2 m\u00b2. Quant au budget allou\u00e9 \u00e0 l\u2019alimentation de [&hellip;]<\/p>\n","protected":false},"author":1759,"featured_media":0,"comment_status":"closed","ping_status":"closed","sticky":false,"template":"","format":"standard","meta":{"fifu_image_url":"https:\/\/aujourdhui.ma\/wp-content\/uploads\/2019\/11\/Prison-Maroc-300x153.jpg","fifu_image_alt":"Prisons : La superficie consacr\u00e9e \u00e0 chaque d\u00e9tenu est pass\u00e9e de 1.67 m\u00b2 \u00e0 2 m\u00b2","footnotes":""},"categories":[73,54],"tags":[],"class_list":["post-143379","post","type-post","status-publish","format-standard","hentry","category-actualite","category-maroc"],"_links":{"self":[{"href":"https:\/\/linitiative.ca\/International\/wp-json\/wp\/v2\/posts\/143379","targetHints":{"allow":["GET"]}}],"collection":[{"href":"https:\/\/linitiative.ca\/International\/wp-json\/wp\/v2\/posts"}],"about":[{"href":"https:\/\/linitiative.ca\/International\/wp-json\/wp\/v2\/types\/post"}],"author":[{"embeddable":true,"href":"https:\/\/linitiative.ca\/International\/wp-json\/wp\/v2\/users\/1759"}],"replies":[{"embeddable":true,"href":"https:\/\/linitiative.ca\/International\/wp-json\/wp\/v2\/comments?post=143379"}],"version-history":[{"count":0,"href":"https:\/\/linitiative.ca\/International\/wp-json\/wp\/v2\/posts\/143379\/revisions"}],"wp:attachment":[{"href":"https:\/\/linitiative.ca\/International\/wp-json\/wp\/v2\/media?parent=143379"}],"wp:term":[{"taxonomy":"category","embeddable":true,"href":"https:\/\/linitiative.ca\/International\/wp-json\/wp\/v2\/categories?post=143379"},{"taxonomy":"post_tag","embeddable":true,"href":"https:\/\/linitiative.ca\/International\/wp-json\/wp\/v2\/tags?post=143379"}],"curies":[{"name":"wp","href":"https:\/\/api.w.org\/{rel}","templated":true}]}}