{"id":143381,"date":"2022-03-18T08:00:26","date_gmt":"2022-03-18T12:00:26","guid":{"rendered":"https:\/\/linitiative.ca\/International\/marquant-sa-34eme-annee-dexistence-marocotel-ouvre-ses-portes-a-el-jadida\/"},"modified":"2022-03-18T08:00:26","modified_gmt":"2022-03-18T12:00:26","slug":"marquant-sa-34eme-annee-dexistence-marocotel-ouvre-ses-portes-a-el-jadida","status":"publish","type":"post","link":"https:\/\/linitiative.ca\/International\/marquant-sa-34eme-annee-dexistence-marocotel-ouvre-ses-portes-a-el-jadida\/","title":{"rendered":"Marquant sa 34\u00e8me ann\u00e9e d\u2019existence : Marocotel ouvre ses portes \u00e0 El Jadida"},"content":{"rendered":"<div>\n<p><img loading=\"lazy\" decoding=\"async\" width=\"300\" height=\"153\" src=\"https:\/\/linitiative.ca\/International\/wp-content\/uploads\/sites\/23\/2022\/03\/Marocotel-Fatim-Zahra-Ammor-300x153-1.jpg\" class=\"attachment-medium size-medium wp-post-image\" alt=\"\" srcset=\"https:\/\/linitiative.ca\/International\/wp-content\/uploads\/sites\/23\/2022\/03\/Marocotel-Fatim-Zahra-Ammor-300x153-1.jpg 300w, https:\/\/aujourdhui.ma\/wp-content\/uploads\/2022\/03\/Marocotel-Fatim-Zahra-Ammor-274x140.jpg 274w, https:\/\/aujourdhui.ma\/wp-content\/uploads\/2022\/03\/Marocotel-Fatim-Zahra-Ammor.jpg 746w, https:\/\/aujourdhui.ma\/wp-content\/uploads\/2022\/03\/Marocotel-Fatim-Zahra-Ammor-165x84.jpg 165w, https:\/\/aujourdhui.ma\/wp-content\/uploads\/2022\/03\/Marocotel-Fatim-Zahra-Ammor-702x358.jpg 702w\" sizes=\"auto, (max-width: 300px) 100vw, 300px\"><\/p>\n<p><span style=\"color: #800000;\"><span style=\"font-size: 20px;\"><strong>Apr\u00e8s un report forc\u00e9 d\u00fb \u00e0 la Covid, Marocotel marque officiellement son come-back.<\/strong><\/span><span id=\"more-402786\"><\/span><\/span><\/p>\n<p>Le salon a ouvert mercredi 16 mars ses portes marquant ainsi le d\u00e9marrage de la 17\u00e8me \u00e9dition de ce rendez-vous international de l\u2019\u00e9quipement professionnel pour l\u2019h\u00f4tellerie, la restauration, les m\u00e9tiers de la bouche, le bien-\u00eatre et les loisirs. Situ\u00e9 au parc d\u2019expositions Mohammed VI \u00e0 El Jadida, ce salon de 34 ans d\u2019existence vient dynamiser les rencontres et les \u00e9changes entre les professionnels du secteur des caf\u00e9s, h\u00f4tels, restaurants (CHR), et s\u2019inscrit dans une d\u00e9marche strat\u00e9gique volontariste pour accompagner les orientations gouvernementales, \u00eatre \u00e0 la hauteur de la vision strat\u00e9gique du Royaume et \u00eatre la vitrine professionnelle sectorielle pour l\u2019accompagnement de la mise \u00e0 niveau et du d\u00e9veloppement des infrastructures touristiques afin de consolider l\u2019offre marocaine et la rendre plus attractive et plus comp\u00e9titive.<br \/>\nLe coup d\u2019envoi de cette manifestation, qui se poursuit jusqu\u2019au 20 mars, a \u00e9t\u00e9 donn\u00e9 par Fatim-Zahra Ammor.<\/p>\n<p>La ministre du tourisme, de l\u2019artisanat et de l\u2019\u00e9conomie sociale et solidaire s\u2019est ainsi r\u00e9jouie de sa participation \u00e0 ce salon qui constitue \u00abune magnifique plateforme de rencontre pour les professionnels qui va leur permettre d\u2019\u00e9changer les innovations, les nouveaut\u00e9s et tout ce qui se fait dans les secteurs de l\u2019h\u00f4tellerie et de l\u2019artisanat\u00bb. Pour la ministre, \u00abcette 17\u00e8me \u00e9dition est extr\u00eamement prometteuse et montre que le secteur touristique marocain et le secteur de l\u2019artisanat sont vraiment pr\u00e9sents et sont volontaires pour une reprise rapide de l\u2019activit\u00e9 touristique\u00bb.<\/p>\n<p>Pour sa part, Adil Karim, directeur g\u00e9n\u00e9ral de Reed Exhibitions Maroc, organisateur de Marocotel, indique que \u00abMarocotel accompagne la strat\u00e9gie gouvernementale de l\u2019industrie touristique dans tous ses segments. Cette \u00e9dition nous permet de retrouver les exposants et les visiteurs qui viennent d\u00e9couvrir les derni\u00e8res nouveaut\u00e9s en mati\u00e8re d\u2019\u00e9quipements professionnels pour l\u2019h\u00f4tellerie, la restauration et les m\u00e9tiers de bouche\u00bb. Et de poursuivre que \u00abce salon est la vitrine de tout ce secteur, notamment pour tout ce qui est des services et de la remise \u00e0 niveau des \u00e9tablissements h\u00f4teliers, des \u00e9tablissements de restauration, des spas, et tout ce qui a trait au bien-\u00eatre et aux loisirs\u00bb. Baptis\u00e9 l\u2019\u00e9dition de la relance et du renouveau, Marocotel accueille cette ann\u00e9e 300 exposants nationaux et internationaux sur une superficie d\u2019exposition et d\u2019animation de plus de 30.000 m\u00e8tres carr\u00e9s. Le salon se d\u00e9cline, en effet, en six univers distincts, en l\u2019occurrence \u00abAccueillir et Relaxer\u00bb, \u00abConcevoir et D\u00e9corer\u00bb, \u00abCuisiner et Servir\u00bb, \u00abG\u00e9rer et Connecter\u00bb, \u00abNettoyer et Entretenir\u00bb, et \u00abD\u00e9tendre et Divertir\u00bb. Ce rendez-vous propose aux professionnels des m\u00e9tiers de l\u2019h\u00f4tellerie, de la restauration, des m\u00e9tiers de bouche, du bien-\u00eatre et des loisirs, une offre d\u2019\u00e9quipement compl\u00e8te, diversifi\u00e9e et de qualit\u00e9, pr\u00e9par\u00e9e sp\u00e9cialement pour l\u2019occasion afin d\u2019am\u00e9liorer la performance de leurs \u00e9tablissements ou d\u2019anticiper leurs d\u00e9marches de d\u00e9veloppement.<\/p>\n<p>\u00a0<\/p>\n<\/div>\n<p>Auteur: Kawtar Tali<br \/>\n<a href=\"https:\/\/aujourdhui.ma\/economie\/marquant-sa-34eme-annee-dexistence-marocotel-ouvre-ses-portes-a-el-jadida\">Cliquez ici pour lire l&rsquo;article depuis sa source.<\/a><\/p>\n","protected":false},"excerpt":{"rendered":"<p>Apr\u00e8s un report forc\u00e9 d\u00fb \u00e0 la Covid, Marocotel marque officiellement son come-back. Le salon a ouvert mercredi 16 mars ses portes marquant ainsi le d\u00e9marrage de la 17\u00e8me \u00e9dition de ce rendez-vous international de l\u2019\u00e9quipement professionnel pour l\u2019h\u00f4tellerie, la restauration, les m\u00e9tiers de la bouche, le bien-\u00eatre et les loisirs. Situ\u00e9 au parc d\u2019expositions [&hellip;]<\/p>\n","protected":false},"author":1759,"featured_media":0,"comment_status":"closed","ping_status":"closed","sticky":false,"template":"","format":"standard","meta":{"fifu_image_url":"https:\/\/aujourdhui.ma\/wp-content\/uploads\/2022\/03\/Marocotel-Fatim-Zahra-Ammor-300x153.jpg","fifu_image_alt":"Marquant sa 34\u00e8me ann\u00e9e d\u2019existence : Marocotel ouvre ses portes \u00e0 El Jadida","footnotes":""},"categories":[73,54],"tags":[],"class_list":["post-143381","post","type-post","status-publish","format-standard","hentry","category-actualite","category-maroc"],"_links":{"self":[{"href":"https:\/\/linitiative.ca\/International\/wp-json\/wp\/v2\/posts\/143381","targetHints":{"allow":["GET"]}}],"collection":[{"href":"https:\/\/linitiative.ca\/International\/wp-json\/wp\/v2\/posts"}],"about":[{"href":"https:\/\/linitiative.ca\/International\/wp-json\/wp\/v2\/types\/post"}],"author":[{"embeddable":true,"href":"https:\/\/linitiative.ca\/International\/wp-json\/wp\/v2\/users\/1759"}],"replies":[{"embeddable":true,"href":"https:\/\/linitiative.ca\/International\/wp-json\/wp\/v2\/comments?post=143381"}],"version-history":[{"count":0,"href":"https:\/\/linitiative.ca\/International\/wp-json\/wp\/v2\/posts\/143381\/revisions"}],"wp:attachment":[{"href":"https:\/\/linitiative.ca\/International\/wp-json\/wp\/v2\/media?parent=143381"}],"wp:term":[{"taxonomy":"category","embeddable":true,"href":"https:\/\/linitiative.ca\/International\/wp-json\/wp\/v2\/categories?post=143381"},{"taxonomy":"post_tag","embeddable":true,"href":"https:\/\/linitiative.ca\/International\/wp-json\/wp\/v2\/tags?post=143381"}],"curies":[{"name":"wp","href":"https:\/\/api.w.org\/{rel}","templated":true}]}}