{"id":143383,"date":"2022-03-18T08:42:44","date_gmt":"2022-03-18T12:42:44","guid":{"rendered":"https:\/\/linitiative.ca\/International\/il-sagit-dune-marque-de-cristiano-ronaldo-et-partenaires-pestana-cr7-de-marrakech-en-soft-opening\/"},"modified":"2022-03-18T08:42:44","modified_gmt":"2022-03-18T12:42:44","slug":"il-sagit-dune-marque-de-cristiano-ronaldo-et-partenaires-pestana-cr7-de-marrakech-en-soft-opening","status":"publish","type":"post","link":"https:\/\/linitiative.ca\/International\/il-sagit-dune-marque-de-cristiano-ronaldo-et-partenaires-pestana-cr7-de-marrakech-en-soft-opening\/","title":{"rendered":"Il s\u2019agit d\u2019une marque de Cristiano Ronaldo et partenaires : Pestana CR7 de Marrakech en soft opening"},"content":{"rendered":"<div>\n<p><img loading=\"lazy\" decoding=\"async\" width=\"300\" height=\"153\" src=\"https:\/\/linitiative.ca\/International\/wp-content\/uploads\/sites\/23\/2022\/03\/Hotel-Pestana-CR7-Marrakech-300x153-1.jpg\" class=\"attachment-medium size-medium wp-post-image\" alt=\"\" srcset=\"https:\/\/linitiative.ca\/International\/wp-content\/uploads\/sites\/23\/2022\/03\/Hotel-Pestana-CR7-Marrakech-300x153-1.jpg 300w, https:\/\/aujourdhui.ma\/wp-content\/uploads\/2022\/03\/Hotel-Pestana-CR7-Marrakech-274x140.jpg 274w, https:\/\/aujourdhui.ma\/wp-content\/uploads\/2022\/03\/Hotel-Pestana-CR7-Marrakech.jpg 746w, https:\/\/aujourdhui.ma\/wp-content\/uploads\/2022\/03\/Hotel-Pestana-CR7-Marrakech-165x84.jpg 165w, https:\/\/aujourdhui.ma\/wp-content\/uploads\/2022\/03\/Hotel-Pestana-CR7-Marrakech-702x358.jpg 702w\" sizes=\"auto, (max-width: 300px) 100vw, 300px\"><\/p>\n<p><span style=\"font-size: 20px; color: #800000;\"><strong>Une bonne nouvelle pour les grands fans de Cristiano Ronaldo au Maroc. Sa marque Pestana CR7 Lifestyle Hotels, initi\u00e9e en partenariat h\u00f4telier avec Dion\u00edsio Pestana \u00e0 Marrakech apr\u00e8s Madrid et New York, c\u00e9l\u00e8bre un \u00abHat-trick\u00bb international avec le soft opening de son nouvel h\u00f4tel dans la ville ocre.<\/strong> <\/span><span id=\"more-402816\"><\/span><\/p>\n<p>\u00ab Les r\u00e9servations et s\u00e9jours sont maintenant disponibles en ligne sur Pestana CR7 Marrakech \u00bb, d\u00e9taille la marque qui pr\u00e9cise que cet h\u00f4tel est inspir\u00e9 par la culture et les couleurs de Marrakech qui lui ont valu le titre de \u00abVille Ocre\u00bb. Ainsi, le nouveau Pestana CR7 Marrakech s\u2019ouvre \u00e0 tous ceux qui recherchent de nouvelles exp\u00e9riences lifestyle dans cette destination Marocaine vibrante, en ligne avec la qualit\u00e9 du groupe h\u00f4telier et l\u2019\u00e9nergie du footballeur \u00e9lu le meilleur du monde cinq fois. \u00abLes premiers h\u00f4tes sont arriv\u00e9s le 1er mars et les r\u00e9servations peuvent d\u00e9sormais se faire sur le site de la marque a Pestana CR7 Marrakech. Dans le cinqui\u00e8me h\u00f4tel Pestana CR7 Lifestyle, les typologies de chambres sont divis\u00e9es en CR7 Room, CR7 Room Avenue, CR7 Superior, CR7 Superior Avenue, CR7 Junior Suite, CR7 Junior Suite Avenue, CR7 Suite et CR7 Suite Avenue. Le prix de la chambre individuelle commence \u00e0 199 euros\u00bb, ajoute la marque.<\/p>\n<p>Situ\u00e9 sur M Avenue, un nouveau hub cosmopolite avec des restaurants, un centre d\u2019exposition virtuel, des magasins de mode internationaux et une dynamique culturelle intense, le Pestana CR7 Marrakech occupe une position centrale dans cet environnement passionnant. L\u2019h\u00f4tel dispose de 174 chambres, d\u2019un centre d\u2019affaires, d\u2019un spa, d\u2019une piscine et d\u2019un fitness centre.<\/p>\n<p><img loading=\"lazy\" decoding=\"async\" class=\"aligncenter size-full wp-image-402818\" src=\"https:\/\/linitiative.ca\/International\/wp-content\/uploads\/sites\/23\/2022\/03\/Hotel-Pestana-CR7-Marrakech-2.jpg\" alt=\"\" width=\"746\" height=\"380\" srcset=\"https:\/\/linitiative.ca\/International\/wp-content\/uploads\/sites\/23\/2022\/03\/Hotel-Pestana-CR7-Marrakech-2.jpg 746w, https:\/\/aujourdhui.ma\/wp-content\/uploads\/2022\/03\/Hotel-Pestana-CR7-Marrakech-2-300x153.jpg 300w, https:\/\/aujourdhui.ma\/wp-content\/uploads\/2022\/03\/Hotel-Pestana-CR7-Marrakech-2-274x140.jpg 274w, https:\/\/aujourdhui.ma\/wp-content\/uploads\/2022\/03\/Hotel-Pestana-CR7-Marrakech-2-165x84.jpg 165w, https:\/\/aujourdhui.ma\/wp-content\/uploads\/2022\/03\/Hotel-Pestana-CR7-Marrakech-2-702x358.jpg 702w\" sizes=\"auto, (max-width: 746px) 100vw, 746px\"><\/p>\n<p>A propos de l\u2019h\u00f4tel, le pr\u00e9sident du groupe h\u00f4telier, Dion\u00edsio Pestana, r\u00e9v\u00e8le :<\/p>\n<p>\u00abPestana CR7 Lifestyle au Maroc est une \u00e9tape logique pour le groupe h\u00f4telier Pestana, qui compte d\u00e9sormais trois h\u00f4tels dans le pays, compte tenu de Casablanca et de Tanger o\u00f9 nous op\u00e9rons d\u00e9j\u00e0. La culture, le bon environnement des affaires, l\u2019\u00e9conomie florissante et la riche histoire du Maroc, jouis dans un environnement s\u00fbr, ainsi que les liens historiques qui unissent les peuples Marocain et Portugais, justifient pleinement notre troisi\u00e8me investissement \u00bb. Quant au partenariat entre Pestana Hotel Group et Cristiano Ronaldo, il entre, \u00e0 son sens, dans un nouveau chapitre, avec le premier h\u00f4tel en Afrique, un continent o\u00f9 le groupe a commenc\u00e9 son internationalisation il y a plus de 20 ans et o\u00f9 il y a une passion v\u00e9ritable et inconditionnelle pour le football, dans lequel Cristiano est un expert.<\/p>\n<p>De son c\u00f4t\u00e9, Ronaldo indique : \u00ab Quand, en 2016, j\u2019ai ouvert le premier h\u00f4tel avec le Pestana Hotel Group, notre ambition \u00e9tait de cr\u00e9er une marque internationale. Depuis ce premier jalon \u00e0 Mad\u00e8re, notre \u00eele, suivit de l\u2019h\u00f4tel de Lisbonne, nous nous sommes d\u00e9j\u00e0 \u00e9tendus \u00e0 Madrid et \u00e0 New York. L\u2019ouverture de cet h\u00f4tel \u00e0 Marrakech nous emm\u00e8ne dans la cinqui\u00e8me ville, mais plus qu\u2019un certain nombre, cela signifie ma connexion \u00e0 un pays qui me passionne et o\u00f9 je suis toujours tr\u00e8s bien accueilli \u00bb.<\/p>\n<p><img loading=\"lazy\" decoding=\"async\" class=\"aligncenter size-full wp-image-402817\" src=\"https:\/\/linitiative.ca\/International\/wp-content\/uploads\/sites\/23\/2022\/03\/Hotel-Pestana-CR7-Marrakech-1.jpg\" alt=\"\" width=\"746\" height=\"380\" srcset=\"https:\/\/linitiative.ca\/International\/wp-content\/uploads\/sites\/23\/2022\/03\/Hotel-Pestana-CR7-Marrakech-1.jpg 746w, https:\/\/aujourdhui.ma\/wp-content\/uploads\/2022\/03\/Hotel-Pestana-CR7-Marrakech-1-300x153.jpg 300w, https:\/\/aujourdhui.ma\/wp-content\/uploads\/2022\/03\/Hotel-Pestana-CR7-Marrakech-1-274x140.jpg 274w, https:\/\/aujourdhui.ma\/wp-content\/uploads\/2022\/03\/Hotel-Pestana-CR7-Marrakech-1-165x84.jpg 165w, https:\/\/aujourdhui.ma\/wp-content\/uploads\/2022\/03\/Hotel-Pestana-CR7-Marrakech-1-702x358.jpg 702w\" sizes=\"auto, (max-width: 746px) 100vw, 746px\"><\/p>\n<p>Pour sa part, Nabil Slitine, d\u00e9veloppeur de M Avenue et partenaire de la marque dans ce projet, reconnu comme le nouveau point chaud de la ville, estime : \u00ab Nous sommes tr\u00e8s fiers de compter sur le premier h\u00f4tel de marque Pestana CR7 Lifestyle dans le pays. M Avenue contribue d\u00e9j\u00e0 visiblement \u00e0 la reconnaissance des am\u00e9liorations du Maroc en mati\u00e8re d\u2019infrastructures et de tourisme, par ses visiteurs \u00bb.<\/p>\n<p>Au sommet du nouveau Pestana CR7 Marrakech, le rooftop, d\u2019o\u00f9 dominent les vues panoramiques sur les montagnes de l\u2019Atlas et la dynamique M Avenue est l\u2019endroit \u00e0 ne pas manquer. Les journ\u00e9es chaudes seront particuli\u00e8rement appr\u00e9ci\u00e9es en acc\u00e9dant \u00e0 la piscine, une oasis de fra\u00eecheur avec des ombres naturelles fournies par la v\u00e9g\u00e9tation. A d\u00e9couvrir.<\/p>\n<p><img loading=\"lazy\" decoding=\"async\" class=\"aligncenter size-full wp-image-402821\" src=\"https:\/\/linitiative.ca\/International\/wp-content\/uploads\/sites\/23\/2022\/03\/Hotel-Pestana-CR7-Marrakech-5.jpg\" alt=\"\" width=\"746\" height=\"380\" srcset=\"https:\/\/linitiative.ca\/International\/wp-content\/uploads\/sites\/23\/2022\/03\/Hotel-Pestana-CR7-Marrakech-5.jpg 746w, https:\/\/aujourdhui.ma\/wp-content\/uploads\/2022\/03\/Hotel-Pestana-CR7-Marrakech-5-300x153.jpg 300w, https:\/\/aujourdhui.ma\/wp-content\/uploads\/2022\/03\/Hotel-Pestana-CR7-Marrakech-5-274x140.jpg 274w, https:\/\/aujourdhui.ma\/wp-content\/uploads\/2022\/03\/Hotel-Pestana-CR7-Marrakech-5-165x84.jpg 165w, https:\/\/aujourdhui.ma\/wp-content\/uploads\/2022\/03\/Hotel-Pestana-CR7-Marrakech-5-702x358.jpg 702w\" sizes=\"auto, (max-width: 746px) 100vw, 746px\"> <img loading=\"lazy\" decoding=\"async\" class=\"aligncenter size-full wp-image-402820\" src=\"https:\/\/linitiative.ca\/International\/wp-content\/uploads\/sites\/23\/2022\/03\/Hotel-Pestana-CR7-Marrakech-4.jpg\" alt=\"\" width=\"746\" height=\"380\" srcset=\"https:\/\/linitiative.ca\/International\/wp-content\/uploads\/sites\/23\/2022\/03\/Hotel-Pestana-CR7-Marrakech-4.jpg 746w, https:\/\/aujourdhui.ma\/wp-content\/uploads\/2022\/03\/Hotel-Pestana-CR7-Marrakech-4-300x153.jpg 300w, https:\/\/aujourdhui.ma\/wp-content\/uploads\/2022\/03\/Hotel-Pestana-CR7-Marrakech-4-274x140.jpg 274w, https:\/\/aujourdhui.ma\/wp-content\/uploads\/2022\/03\/Hotel-Pestana-CR7-Marrakech-4-165x84.jpg 165w, https:\/\/aujourdhui.ma\/wp-content\/uploads\/2022\/03\/Hotel-Pestana-CR7-Marrakech-4-702x358.jpg 702w\" sizes=\"auto, (max-width: 746px) 100vw, 746px\"> <img loading=\"lazy\" decoding=\"async\" class=\"aligncenter size-full wp-image-402819\" src=\"https:\/\/linitiative.ca\/International\/wp-content\/uploads\/sites\/23\/2022\/03\/Hotel-Pestana-CR7-Marrakech-3.jpg\" alt=\"\" width=\"746\" height=\"380\" srcset=\"https:\/\/linitiative.ca\/International\/wp-content\/uploads\/sites\/23\/2022\/03\/Hotel-Pestana-CR7-Marrakech-3.jpg 746w, https:\/\/aujourdhui.ma\/wp-content\/uploads\/2022\/03\/Hotel-Pestana-CR7-Marrakech-3-300x153.jpg 300w, https:\/\/aujourdhui.ma\/wp-content\/uploads\/2022\/03\/Hotel-Pestana-CR7-Marrakech-3-274x140.jpg 274w, https:\/\/aujourdhui.ma\/wp-content\/uploads\/2022\/03\/Hotel-Pestana-CR7-Marrakech-3-165x84.jpg 165w, https:\/\/aujourdhui.ma\/wp-content\/uploads\/2022\/03\/Hotel-Pestana-CR7-Marrakech-3-702x358.jpg 702w\" sizes=\"auto, (max-width: 746px) 100vw, 746px\"><\/p>\n<\/div>\n<p>Auteur: ALM<br \/>\n<a href=\"https:\/\/aujourdhui.ma\/economie\/il-sagit-dune-marque-de-cristiano-ronaldo-et-partenaires-pestana-cr7-de-marrakech-en-soft-opening\">Cliquez ici pour lire l&rsquo;article depuis sa source.<\/a><\/p>\n","protected":false},"excerpt":{"rendered":"<p>Une bonne nouvelle pour les grands fans de Cristiano Ronaldo au Maroc. Sa marque Pestana CR7 Lifestyle Hotels, initi\u00e9e en partenariat h\u00f4telier avec Dion\u00edsio Pestana \u00e0 Marrakech apr\u00e8s Madrid et New York, c\u00e9l\u00e8bre un \u00abHat-trick\u00bb international avec le soft opening de son nouvel h\u00f4tel dans la ville ocre. \u00ab Les r\u00e9servations et s\u00e9jours sont maintenant [&hellip;]<\/p>\n","protected":false},"author":1759,"featured_media":0,"comment_status":"closed","ping_status":"closed","sticky":false,"template":"","format":"standard","meta":{"fifu_image_url":"https:\/\/aujourdhui.ma\/wp-content\/uploads\/2022\/03\/Hotel-Pestana-CR7-Marrakech-300x153.jpg","fifu_image_alt":"Il s\u2019agit d\u2019une marque de Cristiano Ronaldo et partenaires : Pestana CR7 de Marrakech en soft opening","footnotes":""},"categories":[73,54],"tags":[],"class_list":["post-143383","post","type-post","status-publish","format-standard","hentry","category-actualite","category-maroc"],"_links":{"self":[{"href":"https:\/\/linitiative.ca\/International\/wp-json\/wp\/v2\/posts\/143383","targetHints":{"allow":["GET"]}}],"collection":[{"href":"https:\/\/linitiative.ca\/International\/wp-json\/wp\/v2\/posts"}],"about":[{"href":"https:\/\/linitiative.ca\/International\/wp-json\/wp\/v2\/types\/post"}],"author":[{"embeddable":true,"href":"https:\/\/linitiative.ca\/International\/wp-json\/wp\/v2\/users\/1759"}],"replies":[{"embeddable":true,"href":"https:\/\/linitiative.ca\/International\/wp-json\/wp\/v2\/comments?post=143383"}],"version-history":[{"count":0,"href":"https:\/\/linitiative.ca\/International\/wp-json\/wp\/v2\/posts\/143383\/revisions"}],"wp:attachment":[{"href":"https:\/\/linitiative.ca\/International\/wp-json\/wp\/v2\/media?parent=143383"}],"wp:term":[{"taxonomy":"category","embeddable":true,"href":"https:\/\/linitiative.ca\/International\/wp-json\/wp\/v2\/categories?post=143383"},{"taxonomy":"post_tag","embeddable":true,"href":"https:\/\/linitiative.ca\/International\/wp-json\/wp\/v2\/tags?post=143383"}],"curies":[{"name":"wp","href":"https:\/\/api.w.org\/{rel}","templated":true}]}}