{"id":143396,"date":"2022-03-17T14:00:00","date_gmt":"2022-03-17T18:00:00","guid":{"rendered":"https:\/\/linitiative.ca\/International\/mhamed-grine-lapproche-adoptee-par-le-royaume-lui-a-epargne-deux-vagues-de-la-pandemie\/"},"modified":"2022-03-17T14:00:00","modified_gmt":"2022-03-17T18:00:00","slug":"mhamed-grine-lapproche-adoptee-par-le-royaume-lui-a-epargne-deux-vagues-de-la-pandemie","status":"publish","type":"post","link":"https:\/\/linitiative.ca\/International\/mhamed-grine-lapproche-adoptee-par-le-royaume-lui-a-epargne-deux-vagues-de-la-pandemie\/","title":{"rendered":"M\u2019hamed Grine : \u00ab L\u2019approche adopt\u00e9e par le Royaume lui a \u00e9pargn\u00e9 deux vagues de la pand\u00e9mie \u00bb"},"content":{"rendered":"<div>\n<p class=\"has-text-align-center has-vivid-red-color has-text-color\"><strong>Lutte contre la Covid-19<\/strong><\/p>\n<p class=\"has-black-color has-text-color\"><strong>L\u2019ambassadeur de Sa Majest\u00e9 le Roi au Liban, M\u2019hamed Grine, a affirm\u00e9 que l\u2019approche audacieuse adopt\u00e9e par le Maroc dans la lutte contre la Covid-19 lui a \u00e9pargn\u00e9 deux vagues de propagation de la pand\u00e9mie.<\/strong><\/p>\n<p class=\"has-black-color has-text-color\">Dans une d\u00e9claration \u00e0 la presse en marge des travaux du Forum arabe pour le d\u00e9veloppement durable, M. Grine a indiqu\u00e9 que le forum \u00ab\u00a0\u00e9tait l\u2019occasion de rappeler la d\u00e9marche audacieuse prise par le Royaume, sous l\u2019impulsion de Sa Majest\u00e9 le Roi Mohammed VI, que Dieu L\u2019assiste, face \u00e0 la pand\u00e9mie de coronavirus\u00a0\u00bb.<\/p>\n<p class=\"has-black-color has-text-color\">Il a expliqu\u00e9 que le Maroc \u00ab\u00a0et gr\u00e2ce aux d\u00e9cisions qu\u2019il a prises, que certains ont jug\u00e9es strictes, n\u2019a connu que trois vagues de la pand\u00e9mie, alors que la plupart des pays ont connu cinq vagues, et ce, gr\u00e2ce aux d\u00e9cisions strictes, dont la derni\u00e8re en date a \u00e9t\u00e9 la fermeture de l\u2019espace a\u00e9rien jusqu\u2019\u00e0 la mi-f\u00e9vrier de cette ann\u00e9e\u00a0\u00bb.<\/p>\n<p class=\"has-black-color has-text-color\">M. Grine a ajout\u00e9 que le taux de mortalit\u00e9 d\u00fb \u00e0 la Covid-19 au Maroc, par rapport au nombre de la population, a plac\u00e9 le Royaume parmi les pays avec le moins nombre de cas de d\u00e9c\u00e8s, un classement comparable, voire m\u00eame bien meilleur qu\u2019un certain nombre de pays d\u00e9velopp\u00e9s.<\/p>\n<p class=\"has-black-color has-text-color\">Il a d\u00e9clar\u00e9 que la mani\u00e8re dont le Royaume a fait face aux r\u00e9percussions de la pand\u00e9mie \u00e9tait \u00e9galement unique sur le plan \u00e9conomique et social, le Maroc ayant rapidement mis en place un fonds de solidarit\u00e9 aliment\u00e9 par les dons des citoyens, de toutes les cat\u00e9gories du peuple marocain.<\/p>\n<p class=\"has-black-color has-text-color\">Il a mis en avant que ce fonds, qui constitue une expression de solidarit\u00e9, de synergie et de mobilisation de tout le monde pour aider les personnes touch\u00e9es par les r\u00e9percussions de la pand\u00e9mie, a contribu\u00e9 \u00e0 att\u00e9nuer les souffrances des citoyens qui ont perdu leur emploi, car il a fourni \u00e0 tous les affili\u00e9s \u00e0 la Caisse nationale de s\u00e9curit\u00e9 sociale une compensation pendant toute la p\u00e9riode de fermeture. Une assistance a \u00e9t\u00e9 \u00e9galement octroy\u00e9e aux entreprises elles-m\u00eames afin de maintenir leur pr\u00e9sence et leur emploi.<\/p>\n<p class=\"has-black-color has-text-color\">S\u2019agissant du Forum arabe pour le d\u00e9veloppement durable, l\u2019ambassadeur du Maroc a indiqu\u00e9 que l\u2019\u00e9dition de cette ann\u00e9e intervient dans une situation r\u00e9gionale et internationale tendue, en raison de la crise en Ukraine et de ses effets sur le plan \u00e9conomique, pour plusieurs pays de la r\u00e9gion et au niveau international.<\/p>\n<p class=\"has-black-color has-text-color\">Il a soulign\u00e9 que le forum a constitu\u00e9 \u00e9galement l\u2019occasion de pr\u00e9senter les grands chantiers lanc\u00e9s par Sa Majest\u00e9 le Roi Mohammed VI, que Dieu L\u2019assiste, relatifs \u00e0 la couverture sociale avec une approche int\u00e9gr\u00e9e et globale, en \u00e9largissant la couverture en mati\u00e8re d\u2019allocations de retraite et en g\u00e9n\u00e9ralisant l\u2019assurance maladie obligatoire \u00e0 toutes les cat\u00e9gories de la soci\u00e9t\u00e9.<\/p>\n<p class=\"has-black-color has-text-color\">Il a ajout\u00e9 que la d\u00e9marche passe \u00e9galement par la g\u00e9n\u00e9ralisation des allocations familiales au profit de tous les enfants en \u00e2ge de scolarit\u00e9, et qui concernera 8 millions d\u2019enfants.<\/p>\n<p class=\"has-black-color has-text-color\">Et l\u2019ambassadeur de pr\u00e9ciser que le dernier volet du grand chantier royal, \u00ab\u00a0qui est un d\u00e9fi, est la g\u00e9n\u00e9ralisation de l\u2019indemnisation du ch\u00f4mage pour toute personne qui a un emploi stable\u00a0\u00bb.<\/p>\n<p class=\"has-black-color has-text-color\">A cette occasion, M\u2019hamed Grine a exprim\u00e9 ses f\u00e9licitations \u00e0 la Commission \u00e9conomique et sociale pour l\u2019Asie occidentale (CESAO) et \u00e0 sa Secr\u00e9taire ex\u00e9cutif, Rola Dashti, \u00ab\u00a0pour tous les efforts qu\u2019elle d\u00e9ploie, non seulement pour la r\u00e9ussite de ce forum et des forums pr\u00e9c\u00e9dents, mais aussi pour tout le travail qu\u2019elle fait dans divers domaines de d\u00e9veloppement, dont les r\u00e9sultats aident divers \u00c9tats membres \u00e0 adopter des politiques publiques visant \u00e0 atteindre les objectifs de d\u00e9veloppement durable.<\/p>\n<p>L\u2019article <a rel=\"nofollow\" href=\"http:\/\/albayane.press.ma\/mhamed-grine-lapproche-adoptee-par-le-royaume-lui-a-epargne-deux-vagues-de-la-pandemie.html\">M\u2019hamed Grine : \u00ab L\u2019approche adopt\u00e9e par le Royaume lui a \u00e9pargn\u00e9 deux vagues de la pand\u00e9mie \u00bb<\/a> est apparu en premier sur <a rel=\"nofollow\" href=\"http:\/\/albayane.press.ma\/\">ALBAYANE<\/a>.<\/p>\n<\/div>\n<p>Auteur: M&rsquo;hammed rahal<br \/>\n<a href=\"http:\/\/albayane.press.ma\/mhamed-grine-lapproche-adoptee-par-le-royaume-lui-a-epargne-deux-vagues-de-la-pandemie.html\">Cliquez ici pour lire l&rsquo;article depuis sa source.<\/a><\/p>\n","protected":false},"excerpt":{"rendered":"<p>Lutte contre la Covid-19 L\u2019ambassadeur de Sa Majest\u00e9 le Roi au Liban, M\u2019hamed Grine, a affirm\u00e9 que l\u2019approche audacieuse adopt\u00e9e par le Maroc dans la lutte contre la Covid-19 lui a \u00e9pargn\u00e9 deux vagues de propagation de la pand\u00e9mie. Dans une d\u00e9claration \u00e0 la presse en marge des travaux du Forum arabe pour le d\u00e9veloppement [&hellip;]<\/p>\n","protected":false},"author":1760,"featured_media":0,"comment_status":"closed","ping_status":"closed","sticky":false,"template":"","format":"standard","meta":{"fifu_image_url":"","fifu_image_alt":"","footnotes":""},"categories":[73,54],"tags":[],"class_list":["post-143396","post","type-post","status-publish","format-standard","hentry","category-actualite","category-maroc"],"_links":{"self":[{"href":"https:\/\/linitiative.ca\/International\/wp-json\/wp\/v2\/posts\/143396","targetHints":{"allow":["GET"]}}],"collection":[{"href":"https:\/\/linitiative.ca\/International\/wp-json\/wp\/v2\/posts"}],"about":[{"href":"https:\/\/linitiative.ca\/International\/wp-json\/wp\/v2\/types\/post"}],"author":[{"embeddable":true,"href":"https:\/\/linitiative.ca\/International\/wp-json\/wp\/v2\/users\/1760"}],"replies":[{"embeddable":true,"href":"https:\/\/linitiative.ca\/International\/wp-json\/wp\/v2\/comments?post=143396"}],"version-history":[{"count":0,"href":"https:\/\/linitiative.ca\/International\/wp-json\/wp\/v2\/posts\/143396\/revisions"}],"wp:attachment":[{"href":"https:\/\/linitiative.ca\/International\/wp-json\/wp\/v2\/media?parent=143396"}],"wp:term":[{"taxonomy":"category","embeddable":true,"href":"https:\/\/linitiative.ca\/International\/wp-json\/wp\/v2\/categories?post=143396"},{"taxonomy":"post_tag","embeddable":true,"href":"https:\/\/linitiative.ca\/International\/wp-json\/wp\/v2\/tags?post=143396"}],"curies":[{"name":"wp","href":"https:\/\/api.w.org\/{rel}","templated":true}]}}