{"id":143397,"date":"2022-03-17T14:00:00","date_gmt":"2022-03-17T18:00:00","guid":{"rendered":"https:\/\/linitiative.ca\/International\/le-droit-de-loger-le-devoir-durbaniser\/"},"modified":"2022-03-17T14:00:00","modified_gmt":"2022-03-17T18:00:00","slug":"le-droit-de-loger-le-devoir-durbaniser","status":"publish","type":"post","link":"https:\/\/linitiative.ca\/International\/le-droit-de-loger-le-devoir-durbaniser\/","title":{"rendered":"Le droit de loger, le devoir d\u2019urbaniser !"},"content":{"rendered":"<div>\n<p class=\"has-text-align-left has-black-color has-text-color\"><strong>Le droit de logement a constitu\u00e9 l\u2019un des soucis majeurs de l\u2019Etat, depuis d\u00e9j\u00e0 des lustres. Aussi bien le besoin n\u00e9vralgique de scolariser que celui de soigner la soci\u00e9t\u00e9 aux conditions optimales, l\u2019habitat convenant et int\u00e9gr\u00e9, au m\u00eame titre que l\u2019urbanisme au c\u0153ur du rehaussement de la politique de la ville, repr\u00e9sentent une priorit\u00e9 sine qua non du royaume. Tout au long de cette p\u00e9riode de relogement de citoyens, de recasement de bidonvillois, de restauration de b\u00e2tisses mena\u00e7ant ruine, la politique publique \u00e0 cet \u00e9gard s\u2019attelait \u00e0 combler les attentes et les besoins insistants des populations sans pour autant, p\u00eacher par d\u00e9ficit de gouvernance ni verser dans des pratiques de sp\u00e9culation et de fraude ni anomalie de construction et de conformit\u00e9 proc\u00e9duri\u00e8re. Notre pays tra\u00eene, tels des boulets de fer, des d\u00e9cennies de d\u00e9faillance et de dysfonctionnement \u00e0 ces niveaux, en d\u00e9pit de la mise en place des institutions sp\u00e9cifiques au suivi et contr\u00f4le. En fait, il s\u2019agira d\u2019une nouvelle conception qui balise et globalise les choix politiques en direction de l\u2019am\u00e9nagement des espaces et d\u2019urbanisation des \u00e9tendues p\u00e9riurbaines, car il ne serait plus question de construire n\u2019importe comment et \u00e9difier n\u2019importe o\u00f9. L\u2019habitat n\u2019est pas exclusivement o\u00f9 loger, mais surtout o\u00f9 vivre et s\u2019\u00e9panouir. L\u2019enjeu n\u2019est plus, en cons\u00e9quence, une \u00e9quation purement technique, mise entre les mains des promoteurs immobiliers et des experts du b\u00e9ton. Il est donc question, tout d\u2019abord, de situer cette innovation judicieuse dans un contexte fondamentalement humain, dans la mesure o\u00f9 les populations ont perdu confiance des institutions. Il serait loisible, dans ce sens, de tendre des passerelles de r\u00e9conciliation parmi les citoyens, en qu\u00eate de recouvrement de leurs droits les plus \u00e9l\u00e9mentaires, notamment le droit \u00e0 la ville. Ensuite, partant de cette assise fondatrice, il s\u2019av\u00e8re imp\u00e9rieux de recouvrer le sentiment d\u2019appartenance \u00e0 la ville. Le troisi\u00e8me atout n\u2019est autre que la\u00a0 notion de la ville productive.\u00a0Au fait, plusieurs villes s\u2019effilochent devant les contraintes et les insuffisances, puisqu\u2019elles sont incapables de subsister dans des unit\u00e9s productives, pouvant assurer des revenus p\u00e9rennes. La mani\u00e8re avec laquelle sont mont\u00e9es des zones industrielles ne saurait jouer ce r\u00f4le vital, car on a tendance \u00e0 cr\u00e9er des distances entre les agglom\u00e9rations urbaines et les lieux de travail, en l\u2019absence des moyens de transport. On \u00e9laborera ensemble la politique de la ville du pays, sans trop se fier aux exp\u00e9riences des villes du monde. Celle du Maroc renferme des sp\u00e9cificit\u00e9s qu\u2019il va falloir prendre en compte. La probl\u00e9matique est complexe et n\u00e9cessite des r\u00e9flexions globalisantes.<\/strong><\/p>\n<p>L\u2019article <a rel=\"nofollow\" href=\"http:\/\/albayane.press.ma\/le-droit-de-loger-le-devoir-durbaniser.html\">Le droit de loger, le devoir d\u2019urbaniser !<\/a> est apparu en premier sur <a rel=\"nofollow\" href=\"http:\/\/albayane.press.ma\/\">ALBAYANE<\/a>.<\/p>\n<\/div>\n<p>Auteur: M&rsquo;hammed rahal<br \/>\n<a href=\"http:\/\/albayane.press.ma\/le-droit-de-loger-le-devoir-durbaniser.html\">Cliquez ici pour lire l&rsquo;article depuis sa source.<\/a><\/p>\n","protected":false},"excerpt":{"rendered":"<p>Le droit de logement a constitu\u00e9 l\u2019un des soucis majeurs de l\u2019Etat, depuis d\u00e9j\u00e0 des lustres. Aussi bien le besoin n\u00e9vralgique de scolariser que celui de soigner la soci\u00e9t\u00e9 aux conditions optimales, l\u2019habitat convenant et int\u00e9gr\u00e9, au m\u00eame titre que l\u2019urbanisme au c\u0153ur du rehaussement de la politique de la ville, repr\u00e9sentent une priorit\u00e9 sine [&hellip;]<\/p>\n","protected":false},"author":1760,"featured_media":0,"comment_status":"closed","ping_status":"closed","sticky":false,"template":"","format":"standard","meta":{"fifu_image_url":"","fifu_image_alt":"","footnotes":""},"categories":[73,54],"tags":[],"class_list":["post-143397","post","type-post","status-publish","format-standard","hentry","category-actualite","category-maroc"],"_links":{"self":[{"href":"https:\/\/linitiative.ca\/International\/wp-json\/wp\/v2\/posts\/143397","targetHints":{"allow":["GET"]}}],"collection":[{"href":"https:\/\/linitiative.ca\/International\/wp-json\/wp\/v2\/posts"}],"about":[{"href":"https:\/\/linitiative.ca\/International\/wp-json\/wp\/v2\/types\/post"}],"author":[{"embeddable":true,"href":"https:\/\/linitiative.ca\/International\/wp-json\/wp\/v2\/users\/1760"}],"replies":[{"embeddable":true,"href":"https:\/\/linitiative.ca\/International\/wp-json\/wp\/v2\/comments?post=143397"}],"version-history":[{"count":0,"href":"https:\/\/linitiative.ca\/International\/wp-json\/wp\/v2\/posts\/143397\/revisions"}],"wp:attachment":[{"href":"https:\/\/linitiative.ca\/International\/wp-json\/wp\/v2\/media?parent=143397"}],"wp:term":[{"taxonomy":"category","embeddable":true,"href":"https:\/\/linitiative.ca\/International\/wp-json\/wp\/v2\/categories?post=143397"},{"taxonomy":"post_tag","embeddable":true,"href":"https:\/\/linitiative.ca\/International\/wp-json\/wp\/v2\/tags?post=143397"}],"curies":[{"name":"wp","href":"https:\/\/api.w.org\/{rel}","templated":true}]}}