{"id":143399,"date":"2022-03-17T14:00:00","date_gmt":"2022-03-17T18:00:00","guid":{"rendered":"https:\/\/linitiative.ca\/International\/le-bureau-politique-du-parti-du-progres-et-du-socialisme-a-tenu-mardi-15-mars-2022-sa-reunion-periodique-et-examine-de-nombreuses-questions-inscrites-a-son-ordre-du-jour\/"},"modified":"2022-03-17T14:00:00","modified_gmt":"2022-03-17T18:00:00","slug":"le-bureau-politique-du-parti-du-progres-et-du-socialisme-a-tenu-mardi-15-mars-2022-sa-reunion-periodique-et-examine-de-nombreuses-questions-inscrites-a-son-ordre-du-jour","status":"publish","type":"post","link":"https:\/\/linitiative.ca\/International\/le-bureau-politique-du-parti-du-progres-et-du-socialisme-a-tenu-mardi-15-mars-2022-sa-reunion-periodique-et-examine-de-nombreuses-questions-inscrites-a-son-ordre-du-jour\/","title":{"rendered":"Le bureau politique du Parti du Progr\u00e8s et du Socialisme a tenu, mardi 15 mars 2022, sa r\u00e9union p\u00e9riodique et examin\u00e9 de nombreuses questions inscrites \u00e0 son ordre du jour"},"content":{"rendered":"<div>\n<p class=\"has-text-align-center has-text-color\" style=\"color:#065de5\"><strong>Communiqu\u00e9 du bureau politique du PPS du 15 mars 2022<\/strong><\/p>\n<p class=\"has-vivid-cyan-blue-color has-text-color\"><strong>R\u00e9it\u00e9ration de la position du parti \u00e0 propos du conflit entre la Russie et l\u2019Ukraine<\/strong><\/p>\n<p class=\"has-black-color has-text-color\"><strong>A propos du conflit arm\u00e9 entre la Russie et l\u2019Ukraine, le bureau politique a r\u00e9it\u00e9r\u00e9 sa position exprim\u00e9e dans le communiqu\u00e9 de sa pr\u00e9c\u00e9dente r\u00e9union hebdomadaire. Il a renouvel\u00e9 son appel \u00e0 d\u00e9cr\u00e9ter un cessez-le-feu imm\u00e9diat, \u00e0 faire pr\u00e9valoir la sagesse et la raison et \u00e0 privil\u00e9gier l\u2019option de la n\u00e9gociation et du dialogue pacifique pour trouver une issue \u00e0 la crise. Il a de nouveau appel\u00e9 \u00e0 pr\u00e9server la s\u00e9curit\u00e9 et la stabilit\u00e9, \u00e0 cesser de provoquer davantage de victimes et de morts, \u00e0 \u00e9viter d\u2019aggraver les drames humanitaires, \u00e0 stopper les pertes mat\u00e9rielles et les d\u00e9g\u00e2ts \u00e9conomiques \u00e9normes et \u00e0 \u00e9viter que la situation n\u2019\u00e9chappe \u00e0 tout contr\u00f4le.<\/strong><\/p>\n<p class=\"has-vivid-cyan-blue-color has-text-color\"><strong>La situation nationale difficile requiert un plan gouvernemental global et des mesures effectives<\/strong><\/p>\n<p class=\"has-black-color has-text-color\"><strong>\u00a0Au niveau national, le bureau politique a exprim\u00e9 son espoir, \u00e0 la suite des derni\u00e8res pluies, que la situation s\u2019am\u00e9liore en ce qui concerne les donn\u00e9es annuelles hydrologiques et la campagne agricole. Il a ensuite pass\u00e9 en revue les difficult\u00e9s grandissantes et les contraintes s\u00e9rieuses qui marquent la situation \u00e9conomique et sociale et soulign\u00e9 de nouveau l\u2019imp\u00e9rative n\u00e9cessit\u00e9 que le gouvernement actuel soit un gouvernement politique fort capable d\u2019assumer ses responsabilit\u00e9s en vue de trouver les solutions, d\u2019affronter les d\u00e9fis, de prendre des d\u00e9cisions et de les expliquer \u00e0 l\u2019opinion publique nationale. \u00a0\u00a0<\/strong><\/p>\n<p class=\"has-black-color has-text-color\"><strong>Compte tenu de ce qui pr\u00e9c\u00e8de, le Parti du Progr\u00e8s et du Socialisme demande au gouvernement de ne pas se contenter d\u2019effets d\u2019annonce et d\u2019abandonner l\u2019approche de la gestion fragment\u00e9e. Il l\u2019invite \u00e0 prendre a contrario des d\u00e9cisions effectives, concr\u00e8tes et coh\u00e9rentes dans le cadre de la mise en \u0153uvre du r\u00f4le strat\u00e9gique de l\u2019Etat. Cela n\u00e9cessite l\u2019\u00e9laboration d\u2019un plan global, clair, pr\u00e9cis et r\u00e9aliste, qui pr\u00e9voit des mesures \u00e0 m\u00eame de sauvegarder la paix sociale, soutenir le pouvoir d\u2019achat des citoyens, promouvoir l\u2019entreprise nationale et consacrer la bonne gouvernance de l\u2019espace \u00e9conomique. \u00a0\u00a0<\/strong><\/p>\n<p class=\"has-vivid-cyan-blue-color has-text-color\"><strong>Ebauche de solutions pour stopper la flamb\u00e9e des prix et sauvegarder la paix sociale<\/strong><\/p>\n<p class=\"has-black-color has-text-color\"><strong>Dans ce cadre, le gouvernement doit faire preuve d\u2019audace dans la prise de mesures fermes pour endiguer la flamb\u00e9e des prix, tout particuli\u00e8rement \u00e0 la veille du mois de Ramadan. Il convient dans ce sens d\u2019intervenir pour r\u00e9duire les marges b\u00e9n\u00e9ficiaires exorbitantes\u00a0 des soci\u00e9t\u00e9s p\u00e9troli\u00e8res, d\u2019appliquer le principe de la solidarit\u00e9 nationale et d\u2019utiliser l\u2019outil fiscal et douanier pour agir \u00e0 la baisse sur les prix de l\u2019essence et du gasoil et des autres produits de consommation de base. Il convient \u00e9galement de recourir au contr\u00f4le stricte pour r\u00e9guler les prix des produits de consommation et des services de base, d\u2019interdire les sp\u00e9culations, de s\u00e9vir fermement contre les profiteurs de situations de crise qui impactent n\u00e9gativement le circuit de distribution et d\u2019approvisionnement et de prioriser le march\u00e9 national \u00e0 l\u2019\u00e9gard de l\u2019exportation. Il convient, parall\u00e8lement, de prendre des mesures \u00e0 moyen terme relatives notamment au maintien de la s\u00e9curit\u00e9 \u00e9nerg\u00e9tique, alimentaire et hydrique de notre pays, en particulier \u00e0 travers l\u2019adoption de mesures efficaces et rapides pour la remise en service de la raffinerie de La Samir, la r\u00e9orientation du secteur hydrique et agricole dans le sens de la pr\u00e9servation des richesses naturelles, la r\u00e9alisation de l\u2019autosuffisance, la r\u00e9duction du recours \u00e0 l\u2019importation et la r\u00e9duction de la d\u00e9pendance \u00e0 l\u2019\u00e9gard des changements climatiques et des fluctuations du march\u00e9 mondial. Dans ce cadre, le parti appelle de nouveau \u00e0 mettre en \u0153uvre le principe de la solidarit\u00e9 nationale, de mani\u00e8re exceptionnelle et conjoncturelle, pour rendre disponibles les ressources financi\u00e8res n\u00e9cessaires \u00e0 cet important effort national. \u00a0\u00a0<\/strong><\/p>\n<p class=\"has-black-color has-text-color\"><strong>Dans le sillage de ces mesures, le bureau politique invite le gouvernement \u00e0 \u0153uvrer \u00e0 la consolidation du front int\u00e9rieur dans ces conditions difficiles. Cela passe par le renforcement de sa pr\u00e9sence politique et communicationnelle, la valorisation de l\u2019espace d\u00e9mocratique et l\u2019adoption des r\u00e9formes n\u00e9cessaires en mati\u00e8re de libert\u00e9s, de droits et d\u2019\u00e9galit\u00e9\u00a0de mani\u00e8re \u00e0 insuffler un nouveau souffle \u00e0 la d\u00e9mocratie et aux droits humains dans toutes les sph\u00e8res de la vie nationale, afin de mobiliser les diff\u00e9rentes couches sociales marocaines et d\u2019emporter leur adh\u00e9sion.<\/strong><\/p>\n<p class=\"has-vivid-cyan-blue-color has-text-color\"><strong>Refus du hooliganisme dans les stades\u00a0: le sport doit rester un espace de promotion des valeurs et de bonne conduite<\/strong><\/p>\n<p class=\"has-black-color has-text-color\"><strong>Le bureau politique a \u00e9galement examin\u00e9 le ph\u00e9nom\u00e8ne du hooliganisme dans les stades, \u00e0 la suite des \u00e9v\u00e8nements regrettables et douloureux survenus au complexe sportif du prince Moulay Abdellah, \u00e0 Rabat dimanche dernier, apr\u00e8s un match de football. Dans ce cadre, le Parti du Progr\u00e8s et du Socialisme exprime sa d\u00e9sapprobation et son rejet \u00e0 l\u2019\u00e9gard des inqui\u00e9tants actes de hooliganisme et de violence qui accompagnent d\u00e9sormais certaines comp\u00e9titions et occasions sportives. Il souligne que rien ne peut justifier de tels comportements qui provoquent des pr\u00e9judices mat\u00e9riels et moraux importants et que le sport doit rester un espace de promotion des valeurs, de bonne conduite, d\u2019\u00e9change, de divertissement, de rencontre et de saine comp\u00e9tition.<\/strong><\/p>\n<p class=\"has-black-color has-text-color\"><strong>Le Parti du Progr\u00e8s et du Socialisme est convaincu qu\u2019il est n\u00e9cessaire, parall\u00e8lement aux mesures s\u00e9curitaires indispensables, d\u2019adopter une approche globale dans laquelle tous les acteurs politiques, associatifs, \u00e9ducatifs et d\u2019encadrement assument leurs responsabilit\u00e9s pour endiguer le ph\u00e9nom\u00e8ne dangereux de la violence et du hooliganisme dans les terrains de sport et promouvoir l\u2019esprit de citoyennet\u00e9, des nobles valeurs et de bonne conduite tant dans le milieu sportif qu\u2019au sein de la soci\u00e9t\u00e9 en g\u00e9n\u00e9ral.<\/strong><\/p>\n<p class=\"has-vivid-cyan-blue-color has-text-color\"><strong>F\u00e9licitations du Forum pour la Parit\u00e9 et l\u2019Egalit\u00e9 pour le succ\u00e8s \u00e9clatant de son deuxi\u00e8me congr\u00e8s national.<\/strong><\/p>\n<p class=\"has-black-color has-text-color\"><strong>Au niveau de la vie interne du parti, le bureau politique s\u2019est f\u00e9licit\u00e9 du succ\u00e8s \u00e9clatant, \u00e0 tous les niveaux du deuxi\u00e8me congr\u00e8s national du Forum pour la Parit\u00e9 et l\u2019Egalit\u00e9, organis\u00e9 \u00e0 Bouznika le weekend dernier. Il a pr\u00e9sent\u00e9 ses salutations sinc\u00e8res \u00e0 l\u2019ensemble des camarades qui ont veill\u00e9 au succ\u00e8s du congr\u00e8s de cette organisation parall\u00e8le du parti. Le bureau politique a f\u00e9licit\u00e9 en particulier chaleureusement tous les membres du conseil national \u00e9lu et, en premier lieu, la camarade Charafat Afailal, pour son \u00e9lection \u00e0 l\u2019unanimit\u00e9, en tant que pr\u00e9sidente de ce Forum, et a souhait\u00e9 plein succ\u00e8s \u00e0 la nouvelle direction.<\/strong><\/p>\n<p class=\"has-black-color has-text-color\"><strong>Tout en exprimant sa satisfaction \u00e0 l\u2019\u00e9gard de l\u2019action du Forum en vue de l\u2019adh\u00e9sion de nouvelles capacit\u00e9s f\u00e9minines militantes dans les diff\u00e9rentes r\u00e9gions du pays, le bureau politique appelle la nouvelle direction \u00e0 \u00e9largir la pr\u00e9sence du forum sur le terrain, \u00e0 \u00e9tendre son rayonnement et \u00e0 intensifier \u00e0 l\u2019avenir les initiatives militantes au niveau de l\u2019organisation, de la formation, de l\u2019encadrement et du plaidoyer, au service des causes de l\u2019\u00e9galit\u00e9 et de la parit\u00e9 qui font partie int\u00e9grante de l\u2019identit\u00e9 du parti et de ses orientations id\u00e9ologiques et politiques.<\/strong><\/p>\n<p class=\"has-black-color has-text-color\"><strong>Par ailleurs, le bureau politique a pass\u00e9 en revue l\u2019ex\u00e9cution de son programme d\u2019action et a examin\u00e9 les diff\u00e9rentes activit\u00e9s organis\u00e9es au cours de la semaine derni\u00e8re. Il a \u00e9galement programm\u00e9 de nouvelles rencontres au niveau de plusieurs r\u00e9gions et provinces.<\/strong><\/p>\n<p>L\u2019article <a rel=\"nofollow\" href=\"http:\/\/albayane.press.ma\/le-bureau-politique-du-parti-du-progres-et-du-socialisme-a-tenu-mardi-15-mars-2022-sa-reunion-periodique-et-examine-de-nombreuses-questions-inscrites-a-son-ordre-du-jour.html\">Le bureau politique du Parti du Progr\u00e8s et du Socialisme a tenu, mardi 15 mars 2022, sa r\u00e9union p\u00e9riodique et examin\u00e9 de nombreuses questions inscrites \u00e0 son ordre du jour<\/a> est apparu en premier sur <a rel=\"nofollow\" href=\"http:\/\/albayane.press.ma\/\">ALBAYANE<\/a>.<\/p>\n<\/div>\n<p>Auteur: M&rsquo;hammed rahal<br \/>\n<a href=\"http:\/\/albayane.press.ma\/le-bureau-politique-du-parti-du-progres-et-du-socialisme-a-tenu-mardi-15-mars-2022-sa-reunion-periodique-et-examine-de-nombreuses-questions-inscrites-a-son-ordre-du-jour.html\">Cliquez ici pour lire l&rsquo;article depuis sa source.<\/a><\/p>\n","protected":false},"excerpt":{"rendered":"<p>Communiqu\u00e9 du bureau politique du PPS du 15 mars 2022 R\u00e9it\u00e9ration de la position du parti \u00e0 propos du conflit entre la Russie et l\u2019Ukraine A propos du conflit arm\u00e9 entre la Russie et l\u2019Ukraine, le bureau politique a r\u00e9it\u00e9r\u00e9 sa position exprim\u00e9e dans le communiqu\u00e9 de sa pr\u00e9c\u00e9dente r\u00e9union hebdomadaire. Il a renouvel\u00e9 son [&hellip;]<\/p>\n","protected":false},"author":1760,"featured_media":0,"comment_status":"closed","ping_status":"closed","sticky":false,"template":"","format":"standard","meta":{"fifu_image_url":"","fifu_image_alt":"","footnotes":""},"categories":[73,54],"tags":[],"class_list":["post-143399","post","type-post","status-publish","format-standard","hentry","category-actualite","category-maroc"],"_links":{"self":[{"href":"https:\/\/linitiative.ca\/International\/wp-json\/wp\/v2\/posts\/143399","targetHints":{"allow":["GET"]}}],"collection":[{"href":"https:\/\/linitiative.ca\/International\/wp-json\/wp\/v2\/posts"}],"about":[{"href":"https:\/\/linitiative.ca\/International\/wp-json\/wp\/v2\/types\/post"}],"author":[{"embeddable":true,"href":"https:\/\/linitiative.ca\/International\/wp-json\/wp\/v2\/users\/1760"}],"replies":[{"embeddable":true,"href":"https:\/\/linitiative.ca\/International\/wp-json\/wp\/v2\/comments?post=143399"}],"version-history":[{"count":0,"href":"https:\/\/linitiative.ca\/International\/wp-json\/wp\/v2\/posts\/143399\/revisions"}],"wp:attachment":[{"href":"https:\/\/linitiative.ca\/International\/wp-json\/wp\/v2\/media?parent=143399"}],"wp:term":[{"taxonomy":"category","embeddable":true,"href":"https:\/\/linitiative.ca\/International\/wp-json\/wp\/v2\/categories?post=143399"},{"taxonomy":"post_tag","embeddable":true,"href":"https:\/\/linitiative.ca\/International\/wp-json\/wp\/v2\/tags?post=143399"}],"curies":[{"name":"wp","href":"https:\/\/api.w.org\/{rel}","templated":true}]}}