{"id":143400,"date":"2022-03-18T04:43:24","date_gmt":"2022-03-18T08:43:24","guid":{"rendered":"https:\/\/linitiative.ca\/International\/essaouira-rend-hommage-au-chercheur-abdelfattah-ichkhakh\/"},"modified":"2022-03-18T04:43:24","modified_gmt":"2022-03-18T08:43:24","slug":"essaouira-rend-hommage-au-chercheur-abdelfattah-ichkhakh","status":"publish","type":"post","link":"https:\/\/linitiative.ca\/International\/essaouira-rend-hommage-au-chercheur-abdelfattah-ichkhakh\/","title":{"rendered":"Essaouira rend hommage au chercheur Abdelfattah Ichkhakh"},"content":{"rendered":"<div>\n<div style=\"margin-bottom:20px;\"><img loading=\"lazy\" decoding=\"async\" width=\"750\" height=\"430\" src=\"https:\/\/linitiative.ca\/International\/wp-content\/uploads\/sites\/23\/2022\/03\/plage_essaouira-2.jpg\" class=\"attachment-post-thumbnail size-post-thumbnail wp-post-image\" alt=\"\" srcset=\"https:\/\/linitiative.ca\/International\/wp-content\/uploads\/sites\/23\/2022\/03\/plage_essaouira-2.jpg 750w, https:\/\/www.mapmarrakech.ma\/map\/uploads\/2022\/03\/plage_essaouira-2-300x172.jpg 300w\" sizes=\"auto, (max-width: 750px) 100vw, 750px\"><\/div>\n<p>Organis\u00e9e \u00e0 l\u2019initiative de l\u2019Institut national des sciences de l\u2019arch\u00e9ologie et du patrimoine (INSAP) et de la Direction du patrimoine culturel au minist\u00e8re de tutelle, cet \u00e9v\u00e9nement scientifique de deux jours r\u00e9unit des coll\u00e8gues, des amis et un parterre de chercheurs et d\u2019experts en arch\u00e9ologie pour livrer leurs t\u00e9moignages en signe de reconnaissance \u00e0 la g\u00e9n\u00e9rosit\u00e9, \u00e0 l\u2019engagement et aux efforts d\u00e9ploy\u00e9s par le d\u00e9funt (1969-2020) en faveur de la promotion de la recherche arch\u00e9ologique et du patrimoine national.<\/p>\n<p>Ainsi, cette rencontre se veut un vibrant hommage \u00e0 cet arch\u00e9ologue passionn\u00e9 et conservateur tr\u00e8s dynamique dans la gestion, la protection et la restauration du patrimoine.<\/p>\n<p>Les intervenants lors de la s\u00e9ance inaugurale de cette rencontre, \u00e0 laquelle ont pris part le directeur de l\u2019INSAP, Abdelouahed Ben-Ncer, le pr\u00e9sident du conseil provincial d\u2019Essaouira\u00a0et des repr\u00e9sentants de l\u2019autorit\u00e9 provinciale et du conseil communal, ainsi que des responsables provinciaux et r\u00e9gionaux de la Culture, ont pass\u00e9 en revue la carri\u00e8re professionnelle de feu Abdelfattah Ichkhakh au service de l\u2019arch\u00e9ologie et du patrimoine marocain, ses actions et ses contributions qui refl\u00e8tent son engagement dans la recherche, la coop\u00e9ration, la formation aupr\u00e8s des \u00e9tudiants de l\u2019INSAP et des universit\u00e9s, la gestion et la valorisation du patrimoine arch\u00e9ologique et historique.<\/p>\n<p>Cette s\u00e9ance a \u00e9t\u00e9 marqu\u00e9e par l\u2019annonce par le vice-pr\u00e9sident du Conseil communal d\u2019Essaouira, Mohamed Oussous, de la d\u00e9cision de cette instance \u00e9lue de baptiser l\u2019une des places publiques ou un boulevard de la cit\u00e9 des Aliz\u00e9s du nom de feu Abdelfattah Ichkhakh, alors que le directeur de l\u2019INSAP a fait savoir que l\u2019institut a d\u00e9cid\u00e9, lui aussi, que l\u2019une de ses promotions ainsi que l\u2019une de ses salles portent le nom du d\u00e9funt.<\/p>\n<p>Pour sa part, la directrice provinciale de la Culture, Mme Zhor Amhaouch, \u00e9galement veuve du d\u00e9funt, s\u2019est f\u00e9licit\u00e9e de l\u2019organisation de cette manifestation qui rend \u00e0 la fois hommage \u00e0 la richesse et \u00e0 la diversit\u00e9 du patrimoine du Maroc et \u00e0 l\u2019action et \u00e0 l\u2019\u00e9nergie consentie par feu Abdelfattah Ichkhakh en faveur de la valorisation de ce legs culturel.<\/p>\n<p>Le choix de la Cit\u00e9 des Aliz\u00e9s pour c\u00e9l\u00e9brer la contribution de chercheur engag\u00e9 n\u2019est pas fortuit, compte tenu de la place de choix dont jouit cette ville sur la carte du patrimoine national et universel, a-t-elle expliqu\u00e9, avant de conclure que \u00ab\u00a0la route de Marrakech, ville natale du d\u00e9funt, \u00e0 Volubilis puis \u00e0 Mogador, fut tr\u00e8s courte pour Abdelfattah Ichkhakh\u00a0\u00bb.<\/p>\n<p>Laur\u00e9at de l\u2019Institut national des Sciences de l\u2019Arch\u00e9ologie et du Patrimoine (INSAP, Rabat) en 1992, Abdelfattah Ichkhakh fut conservateur-adjoint du site arch\u00e9ologique de Volubilis (1993-2000) et conservateur des Monuments et sites de Mogador-Essaouira\u00a0de 2001 jusqu\u2019\u00e0 sa disparition.<\/p>\n<p>Les travaux de ce colloque d\u00e9di\u00e9 \u00e0 la m\u00e9moire du d\u00e9funt sont scind\u00e9s en quatre sessions au cours desquelles des experts et chercheurs (arch\u00e9ologues, historiens, architectes, enseignants, conservateurs), exposeront les th\u00e9matiques sur lesquels Abdelfattah Ichkhakh travaillait avec les \u00e9quipes nationales ou internationales, et les nouvelles d\u00e9couvertes.<\/p>\n<p>La premi\u00e8re session du colloque est consacr\u00e9e \u00e0 \u00ab\u00a0l\u2019histoire et l\u2019arch\u00e9ologie du Maroc, de la Pr\u00e9histoire \u00e0 l\u2019Antiquit\u00e9\u00a0\u00bb, la 2\u00e8me aux \u00ab\u00a0nouvelles recherches historiques et arch\u00e9ologiques \u00e0 Volubilis\u00a0\u00bb, la troisi\u00e8me \u00e0 \u00ab\u00a0l\u2019architecture et \u00e0 l\u2019arch\u00e9ologie m\u00e9di\u00e9vale, moderne et contemporaine du Maroc\u00a0\u00bb, alors que la quatri\u00e8me est ax\u00e9e sur \u00ab\u00a0la gestion, la sauvegarde et la mise en valeur du patrimoine culturel marocain\u00a0\u00bb.<\/p>\n<p>The post <a rel=\"nofollow\" href=\"https:\/\/www.mapmarrakech.ma\/fr\/essaouira-rend-hommage-au-chercheur-abdelfattah-ichkhakh\/\">Essaouira rend hommage au chercheur Abdelfattah Ichkhakh<\/a> appeared first on <a rel=\"nofollow\" href=\"https:\/\/www.mapmarrakech.ma\/fr\">MapMarrakech<\/a>.<\/p>\n<\/div>\n<p>Auteur: Mohammed KOURSI<br \/>\n<a href=\"https:\/\/www.mapmarrakech.ma\/fr\/essaouira-rend-hommage-au-chercheur-abdelfattah-ichkhakh\/\">Cliquez ici pour lire l&rsquo;article depuis sa source.<\/a><\/p>\n","protected":false},"excerpt":{"rendered":"<p>Organis\u00e9e \u00e0 l\u2019initiative de l\u2019Institut national des sciences de l\u2019arch\u00e9ologie et du patrimoine (INSAP) et de la Direction du patrimoine culturel au minist\u00e8re de tutelle, cet \u00e9v\u00e9nement scientifique de deux jours r\u00e9unit des coll\u00e8gues, des amis et un parterre de chercheurs et d\u2019experts en arch\u00e9ologie pour livrer leurs t\u00e9moignages en signe de reconnaissance \u00e0 la [&hellip;]<\/p>\n","protected":false},"author":1788,"featured_media":0,"comment_status":"closed","ping_status":"closed","sticky":false,"template":"","format":"standard","meta":{"fifu_image_url":"https:\/\/www.mapmarrakech.ma\/map\/uploads\/2022\/03\/plage_essaouira-2.jpg","fifu_image_alt":"Essaouira rend hommage au chercheur Abdelfattah Ichkhakh","footnotes":""},"categories":[54,76],"tags":[],"class_list":["post-143400","post","type-post","status-publish","format-standard","hentry","category-maroc","category-regions"],"_links":{"self":[{"href":"https:\/\/linitiative.ca\/International\/wp-json\/wp\/v2\/posts\/143400","targetHints":{"allow":["GET"]}}],"collection":[{"href":"https:\/\/linitiative.ca\/International\/wp-json\/wp\/v2\/posts"}],"about":[{"href":"https:\/\/linitiative.ca\/International\/wp-json\/wp\/v2\/types\/post"}],"author":[{"embeddable":true,"href":"https:\/\/linitiative.ca\/International\/wp-json\/wp\/v2\/users\/1788"}],"replies":[{"embeddable":true,"href":"https:\/\/linitiative.ca\/International\/wp-json\/wp\/v2\/comments?post=143400"}],"version-history":[{"count":0,"href":"https:\/\/linitiative.ca\/International\/wp-json\/wp\/v2\/posts\/143400\/revisions"}],"wp:attachment":[{"href":"https:\/\/linitiative.ca\/International\/wp-json\/wp\/v2\/media?parent=143400"}],"wp:term":[{"taxonomy":"category","embeddable":true,"href":"https:\/\/linitiative.ca\/International\/wp-json\/wp\/v2\/categories?post=143400"},{"taxonomy":"post_tag","embeddable":true,"href":"https:\/\/linitiative.ca\/International\/wp-json\/wp\/v2\/tags?post=143400"}],"curies":[{"name":"wp","href":"https:\/\/api.w.org\/{rel}","templated":true}]}}