{"id":143402,"date":"2022-03-18T04:44:15","date_gmt":"2022-03-18T08:44:15","guid":{"rendered":"https:\/\/linitiative.ca\/International\/la-broderie-a-lhonneur-au-musee-national-du-tissage-et-du-tapis\/"},"modified":"2022-03-18T04:44:15","modified_gmt":"2022-03-18T08:44:15","slug":"la-broderie-a-lhonneur-au-musee-national-du-tissage-et-du-tapis","status":"publish","type":"post","link":"https:\/\/linitiative.ca\/International\/la-broderie-a-lhonneur-au-musee-national-du-tissage-et-du-tapis\/","title":{"rendered":"La broderie \u00e0 l\u2019honneur au Mus\u00e9e National du Tissage et du Tapis"},"content":{"rendered":"<div>\n<div style=\"margin-bottom:20px;\"><img loading=\"lazy\" decoding=\"async\" width=\"750\" height=\"430\" src=\"https:\/\/linitiative.ca\/International\/wp-content\/uploads\/sites\/23\/2022\/03\/Tapis-marocain.jpg\" class=\"attachment-post-thumbnail size-post-thumbnail wp-post-image\" alt=\"\" srcset=\"https:\/\/linitiative.ca\/International\/wp-content\/uploads\/sites\/23\/2022\/03\/Tapis-marocain.jpg 750w, https:\/\/www.mapmarrakech.ma\/map\/uploads\/2022\/03\/Tapis-marocain-300x172.jpg 300w\" sizes=\"auto, (max-width: 750px) 100vw, 750px\"><\/div>\n<p>Organis\u00e9e par la Fondation Nationale des Mus\u00e9es (FNM) et ouverte au public depuis le 8 mars courant, l\u2019exposition met en lumi\u00e8re la contribution de cette pratique exclusivement r\u00e9alis\u00e9e par des femmes tisserandes qui perp\u00e9tuent cet art depuis des si\u00e8cles.<\/p>\n<p>\u00ab\u00a0Cette exposition c\u00e9l\u00e8bre la femme marocaine \u00e0 travers la broderie \u00ab\u00a0Tarz\u00a0\u00bb, une composante importante de notre patrimoine culturel et un art ancestral que l\u2019on retrouve dans tous les foyers du Royaume, d\u00e9corant une large gamme d\u2019articles travaill\u00e9s \u00e0 la main, de la nappe \u00e0 la haute couture, \u00e0 l\u2019instar du caftan traditionnel et de la djellaba\u00a0\u00bb, a soulign\u00e9 Mme Salima A\u00eft Mbarek, conservateur du Mus\u00e9e national du Tissage et du Tapis \u2013 Dar Si Sa\u00efd, dans une d\u00e9claration \u00e0 la presse.<\/p>\n<p>\u00ab\u00a0Art citadin par excellence, la broderie est d\u2019une grande diversit\u00e9, forg\u00e9e par la contribution des principaux centres de production dans les quatre coins du pays\u00a0\u00bb, a expliqu\u00e9 Mme A\u00eft Mbarek, faisant savoir qu\u2019un \u00ab\u00a0itin\u00e9raire richement brod\u00e9 de couleurs et de motifs conduit les visiteurs de l\u2019exposition de F\u00e8s et Mekn\u00e8s \u00e0 Chefchaouen et T\u00e9touan, en passant par Rabat, Sal\u00e9 et Azemmour\u00a0\u00bb.<\/p>\n<p>Cette exposition s\u2019\u00e9tale sur trois salles : la broderie du Nord et du Maroc Oriental (T\u00e9touan, Chefchaoun et Oujda), la broderie du Maroc Central (F\u00e8s et Mekn\u00e8s) et la broderie de la c\u00f4te Atlantique (Rabat, Sal\u00e9 et Azemmour), conduisant les visiteurs aux diff\u00e9rentes r\u00e9gions du Royaume \u00e0 la d\u00e9couverte des secrets de la broderie marocaine, ses richesses et ses ornements qui se d\u00e9clinent \u00e0 l\u2019infini.<\/p>\n<p>Pratiqu\u00e9e exclusivement par les femmes, la broderie sert \u00e0 accorder l\u2019aspect agr\u00e9able \u00e0 un objet utile : Les brodeuses marocaines n\u2019accordent pas la valeur purement ornementale \u00e0 un art\u00e9fact, d\u2019o\u00f9 la raret\u00e9 et l\u2019usage restreint des pi\u00e8ces uniquement d\u00e9coratives au Maroc.<\/p>\n<p>Toute brodeuse peut s\u2019affirmer, si elle poss\u00e8de le savoir-faire et travaille assez bien pour que les ouvrages lui soient confi\u00e9s. Habilet\u00e9 manuelle, ma\u00eetrise de la technique, sens artistique et patience sont des qualit\u00e9s permettant \u00e0 la tisserande de r\u00e9aliser la composition d\u00e9corative et l\u2019harmonie des couleurs dans les \u0153uvres choisies.<\/p>\n<p>Les ma\u00eetresses-brodeuses sont issues de diverses cat\u00e9gories sociales, mais ce sont celles appartenant aux classes sociales ais\u00e9es, ou pouvant se d\u00e9charger des soins du m\u00e9nage, qui font de ce travail artistique une distraction.<\/p>\n<p>The post <a rel=\"nofollow\" href=\"https:\/\/www.mapmarrakech.ma\/fr\/la-broderie-a-lhonneur-au-musee-national-du-tissage-et-du-tapis\/\">La broderie \u00e0 l\u2019honneur au Mus\u00e9e National du Tissage et du Tapis<\/a> appeared first on <a rel=\"nofollow\" href=\"https:\/\/www.mapmarrakech.ma\/fr\">MapMarrakech<\/a>.<\/p>\n<\/div>\n<p>Auteur: Mohammed KOURSI<br \/>\n<a href=\"https:\/\/www.mapmarrakech.ma\/fr\/la-broderie-a-lhonneur-au-musee-national-du-tissage-et-du-tapis\/\">Cliquez ici pour lire l&rsquo;article depuis sa source.<\/a><\/p>\n","protected":false},"excerpt":{"rendered":"<p>Organis\u00e9e par la Fondation Nationale des Mus\u00e9es (FNM) et ouverte au public depuis le 8 mars courant, l\u2019exposition met en lumi\u00e8re la contribution de cette pratique exclusivement r\u00e9alis\u00e9e par des femmes tisserandes qui perp\u00e9tuent cet art depuis des si\u00e8cles. \u00ab\u00a0Cette exposition c\u00e9l\u00e8bre la femme marocaine \u00e0 travers la broderie \u00ab\u00a0Tarz\u00a0\u00bb, une composante importante de notre [&hellip;]<\/p>\n","protected":false},"author":1788,"featured_media":0,"comment_status":"closed","ping_status":"closed","sticky":false,"template":"","format":"standard","meta":{"fifu_image_url":"https:\/\/www.mapmarrakech.ma\/map\/uploads\/2022\/03\/Tapis-marocain.jpg","fifu_image_alt":"La broderie \u00e0 l\u2019honneur au Mus\u00e9e National du Tissage et du Tapis","footnotes":""},"categories":[54,76],"tags":[],"class_list":["post-143402","post","type-post","status-publish","format-standard","hentry","category-maroc","category-regions"],"_links":{"self":[{"href":"https:\/\/linitiative.ca\/International\/wp-json\/wp\/v2\/posts\/143402","targetHints":{"allow":["GET"]}}],"collection":[{"href":"https:\/\/linitiative.ca\/International\/wp-json\/wp\/v2\/posts"}],"about":[{"href":"https:\/\/linitiative.ca\/International\/wp-json\/wp\/v2\/types\/post"}],"author":[{"embeddable":true,"href":"https:\/\/linitiative.ca\/International\/wp-json\/wp\/v2\/users\/1788"}],"replies":[{"embeddable":true,"href":"https:\/\/linitiative.ca\/International\/wp-json\/wp\/v2\/comments?post=143402"}],"version-history":[{"count":0,"href":"https:\/\/linitiative.ca\/International\/wp-json\/wp\/v2\/posts\/143402\/revisions"}],"wp:attachment":[{"href":"https:\/\/linitiative.ca\/International\/wp-json\/wp\/v2\/media?parent=143402"}],"wp:term":[{"taxonomy":"category","embeddable":true,"href":"https:\/\/linitiative.ca\/International\/wp-json\/wp\/v2\/categories?post=143402"},{"taxonomy":"post_tag","embeddable":true,"href":"https:\/\/linitiative.ca\/International\/wp-json\/wp\/v2\/tags?post=143402"}],"curies":[{"name":"wp","href":"https:\/\/api.w.org\/{rel}","templated":true}]}}