{"id":143408,"date":"2022-03-18T13:13:43","date_gmt":"2022-03-18T17:13:43","guid":{"rendered":"https:\/\/linitiative.ca\/International\/bourita-le-maroc-apprecie-les-engagements-constructifs-de-lespagne\/"},"modified":"2022-03-18T13:13:43","modified_gmt":"2022-03-18T17:13:43","slug":"bourita-le-maroc-apprecie-les-engagements-constructifs-de-lespagne","status":"publish","type":"post","link":"https:\/\/linitiative.ca\/International\/bourita-le-maroc-apprecie-les-engagements-constructifs-de-lespagne\/","title":{"rendered":"Bourita: Le Maroc appr\u00e9cie les engagements constructifs de l&rsquo;Espagne"},"content":{"rendered":"<div>\n<div class=\"field field-name-body field-type-text-with-summary field-label-hidden\">\n<div class=\"field-items\">\n<div class=\"field-item even\" property=\"content:encoded\">\n<p>Le\u00a0Maroc appr\u00e9cie hautement les positions positives et les engagements constructifs de l\u2019Espagne au sujet de la question du Sahara Marocain, contenus<strong><a href=\"https:\/\/www.leconomiste.com\/flash-infos\/sahara-marocain-sanchez-adresse-un-message-au-roi-mohammed-vi\"><span style=\"color:#0000FF;\"> dans le message adress\u00e9 \u00e0 Sa Majest\u00e9 le Roi Mohammed VI<\/span><\/a><\/strong>, par le Pr\u00e9sident du Gouvernement d\u2019Espagne, S.E.M. Pedro S\u00e1nchez, a indiqu\u00e9 le minist\u00e8re des Affaires \u00e9trang\u00e8res, de la Coop\u00e9ration africaine et des Marocains r\u00e9sidant \u00e0 l\u2019\u00e9tranger.<\/p>\n<\/div>\n<\/div>\n<\/div>\n<\/div>\n<p>Auteur: mbasraoui<br \/>\n<a href=\"https:\/\/www.leconomiste.com\/flash-infos\/bourita-le-maroc-apprecie-les-engagements-constructifs-de-l-espagne\">Cliquez ici pour lire l&rsquo;article depuis sa source.<\/a><\/p>\n","protected":false},"excerpt":{"rendered":"<p>Le\u00a0Maroc appr\u00e9cie hautement les positions positives et les engagements constructifs de l\u2019Espagne au sujet de la question du Sahara Marocain, contenus dans le message adress\u00e9 \u00e0 Sa Majest\u00e9 le Roi Mohammed VI, par le Pr\u00e9sident du Gouvernement d\u2019Espagne, S.E.M. Pedro S\u00e1nchez, a indiqu\u00e9 le minist\u00e8re des Affaires \u00e9trang\u00e8res, de la Coop\u00e9ration africaine et des Marocains [&hellip;]<\/p>\n","protected":false},"author":1763,"featured_media":0,"comment_status":"closed","ping_status":"closed","sticky":false,"template":"","format":"standard","meta":{"fifu_image_url":"","fifu_image_alt":"","footnotes":""},"categories":[78,54],"tags":[],"class_list":["post-143408","post","type-post","status-publish","format-standard","hentry","category-economie","category-maroc"],"_links":{"self":[{"href":"https:\/\/linitiative.ca\/International\/wp-json\/wp\/v2\/posts\/143408","targetHints":{"allow":["GET"]}}],"collection":[{"href":"https:\/\/linitiative.ca\/International\/wp-json\/wp\/v2\/posts"}],"about":[{"href":"https:\/\/linitiative.ca\/International\/wp-json\/wp\/v2\/types\/post"}],"author":[{"embeddable":true,"href":"https:\/\/linitiative.ca\/International\/wp-json\/wp\/v2\/users\/1763"}],"replies":[{"embeddable":true,"href":"https:\/\/linitiative.ca\/International\/wp-json\/wp\/v2\/comments?post=143408"}],"version-history":[{"count":0,"href":"https:\/\/linitiative.ca\/International\/wp-json\/wp\/v2\/posts\/143408\/revisions"}],"wp:attachment":[{"href":"https:\/\/linitiative.ca\/International\/wp-json\/wp\/v2\/media?parent=143408"}],"wp:term":[{"taxonomy":"category","embeddable":true,"href":"https:\/\/linitiative.ca\/International\/wp-json\/wp\/v2\/categories?post=143408"},{"taxonomy":"post_tag","embeddable":true,"href":"https:\/\/linitiative.ca\/International\/wp-json\/wp\/v2\/tags?post=143408"}],"curies":[{"name":"wp","href":"https:\/\/api.w.org\/{rel}","templated":true}]}}