{"id":143411,"date":"2022-03-18T05:11:00","date_gmt":"2022-03-18T09:11:00","guid":{"rendered":"https:\/\/linitiative.ca\/International\/mauvaise-nouvelle-pour-feghouli\/"},"modified":"2022-03-18T05:11:00","modified_gmt":"2022-03-18T09:11:00","slug":"mauvaise-nouvelle-pour-feghouli","status":"publish","type":"post","link":"https:\/\/linitiative.ca\/International\/mauvaise-nouvelle-pour-feghouli\/","title":{"rendered":"Mauvaise nouvelle pour Feghouli"},"content":{"rendered":"<div>il n\u2019avait d\u2019ailleurs pas \u00e9t\u00e9 retenu pour le match de son \u00e9quipe en Ligue Europa face au FC Barcelone&#8230;<\/div>\n<p>Auteur:<br \/>\n<a href=\"https:\/\/www.lebuteur.com\/article\/detail?titre=mauvaise-nouvelle-pour-feghouli&#038;id=102510\">Cliquez ici pour lire l&rsquo;article depuis sa source.<\/a><\/p>\n","protected":false},"excerpt":{"rendered":"<p>il n\u2019avait d\u2019ailleurs pas \u00e9t\u00e9 retenu pour le match de son \u00e9quipe en Ligue Europa face au FC Barcelone&#8230; Auteur: Cliquez ici pour lire l&rsquo;article depuis sa source.<\/p>\n","protected":false},"author":1738,"featured_media":0,"comment_status":"closed","ping_status":"closed","sticky":false,"template":"","format":"standard","meta":{"fifu_image_url":"","fifu_image_alt":"","footnotes":""},"categories":[53,75],"tags":[],"class_list":["post-143411","post","type-post","status-publish","format-standard","hentry","category-algerie","category-sport"],"_links":{"self":[{"href":"https:\/\/linitiative.ca\/International\/wp-json\/wp\/v2\/posts\/143411","targetHints":{"allow":["GET"]}}],"collection":[{"href":"https:\/\/linitiative.ca\/International\/wp-json\/wp\/v2\/posts"}],"about":[{"href":"https:\/\/linitiative.ca\/International\/wp-json\/wp\/v2\/types\/post"}],"author":[{"embeddable":true,"href":"https:\/\/linitiative.ca\/International\/wp-json\/wp\/v2\/users\/1738"}],"replies":[{"embeddable":true,"href":"https:\/\/linitiative.ca\/International\/wp-json\/wp\/v2\/comments?post=143411"}],"version-history":[{"count":0,"href":"https:\/\/linitiative.ca\/International\/wp-json\/wp\/v2\/posts\/143411\/revisions"}],"wp:attachment":[{"href":"https:\/\/linitiative.ca\/International\/wp-json\/wp\/v2\/media?parent=143411"}],"wp:term":[{"taxonomy":"category","embeddable":true,"href":"https:\/\/linitiative.ca\/International\/wp-json\/wp\/v2\/categories?post=143411"},{"taxonomy":"post_tag","embeddable":true,"href":"https:\/\/linitiative.ca\/International\/wp-json\/wp\/v2\/tags?post=143411"}],"curies":[{"name":"wp","href":"https:\/\/api.w.org\/{rel}","templated":true}]}}