{"id":143414,"date":"2022-03-18T07:38:00","date_gmt":"2022-03-18T11:38:00","guid":{"rendered":"https:\/\/linitiative.ca\/International\/senegal-aliou-cisse-devoile-sa-liste-pour-le-choc-face-a-legypte\/"},"modified":"2022-03-18T07:38:00","modified_gmt":"2022-03-18T11:38:00","slug":"senegal-aliou-cisse-devoile-sa-liste-pour-le-choc-face-a-legypte","status":"publish","type":"post","link":"https:\/\/linitiative.ca\/International\/senegal-aliou-cisse-devoile-sa-liste-pour-le-choc-face-a-legypte\/","title":{"rendered":"S\u00e9n\u00e9gal : Aliou Ciss\u00e9 d\u00e9voile sa liste pour le choc face \u00e0 l&rsquo;Egypte"},"content":{"rendered":"<div>Apr\u00e8s leur sacre \u00e0 la CAN, les Lions de la Teranga se pr\u00e9parent pour affronter l&rsquo;\u00c9gypte \u00e0 l&rsquo;occasion de ses barrages pour la Coupe du Monde au Qatar<\/div>\n<p>Auteur:<br \/>\n<a href=\"https:\/\/www.lebuteur.com\/article\/detail?titre=senegal-aliou-cisse-devoile-sa-liste-pour-le-choc-face-a-legypte&#038;id=102512\">Cliquez ici pour lire l&rsquo;article depuis sa source.<\/a><\/p>\n","protected":false},"excerpt":{"rendered":"<p>Apr\u00e8s leur sacre \u00e0 la CAN, les Lions de la Teranga se pr\u00e9parent pour affronter l&rsquo;\u00c9gypte \u00e0 l&rsquo;occasion de ses barrages pour la Coupe du Monde au Qatar Auteur: Cliquez ici pour lire l&rsquo;article depuis sa source.<\/p>\n","protected":false},"author":1738,"featured_media":0,"comment_status":"closed","ping_status":"closed","sticky":false,"template":"","format":"standard","meta":{"fifu_image_url":"","fifu_image_alt":"","footnotes":""},"categories":[53,75],"tags":[],"class_list":["post-143414","post","type-post","status-publish","format-standard","hentry","category-algerie","category-sport"],"_links":{"self":[{"href":"https:\/\/linitiative.ca\/International\/wp-json\/wp\/v2\/posts\/143414","targetHints":{"allow":["GET"]}}],"collection":[{"href":"https:\/\/linitiative.ca\/International\/wp-json\/wp\/v2\/posts"}],"about":[{"href":"https:\/\/linitiative.ca\/International\/wp-json\/wp\/v2\/types\/post"}],"author":[{"embeddable":true,"href":"https:\/\/linitiative.ca\/International\/wp-json\/wp\/v2\/users\/1738"}],"replies":[{"embeddable":true,"href":"https:\/\/linitiative.ca\/International\/wp-json\/wp\/v2\/comments?post=143414"}],"version-history":[{"count":0,"href":"https:\/\/linitiative.ca\/International\/wp-json\/wp\/v2\/posts\/143414\/revisions"}],"wp:attachment":[{"href":"https:\/\/linitiative.ca\/International\/wp-json\/wp\/v2\/media?parent=143414"}],"wp:term":[{"taxonomy":"category","embeddable":true,"href":"https:\/\/linitiative.ca\/International\/wp-json\/wp\/v2\/categories?post=143414"},{"taxonomy":"post_tag","embeddable":true,"href":"https:\/\/linitiative.ca\/International\/wp-json\/wp\/v2\/tags?post=143414"}],"curies":[{"name":"wp","href":"https:\/\/api.w.org\/{rel}","templated":true}]}}